{"id":194,"date":"2014-09-20T19:32:02","date_gmt":"2014-09-20T18:32:02","guid":{"rendered":"http:\/\/www.lyc-raynouard.ac-nice.fr\/?p=194"},"modified":"2014-09-20T19:32:02","modified_gmt":"2014-09-20T18:32:02","slug":"les-secondes-professionnelles-au-lycee-raynouard","status":"publish","type":"post","link":"https:\/\/lycee-raynouard.fr\/index.php\/2014\/09\/20\/les-secondes-professionnelles-au-lycee-raynouard\/","title":{"rendered":"Les secondes professionnelles au Lyc\u00e9e Raynouard"},"content":{"rendered":"<p>Vous pouvez retrouver dans le tableau ci-apr\u00e8s les documents pr\u00e9sentant les secondes professionnelles du Lyc\u00e9e.<\/p>\n<p>&nbsp;<\/p>\n<table>\n<tbody>\n<tr>\n<td style=\"background-color: #000000;text-align: center\">M\u00e9tiers de la relation Clients et Usagers<\/td>\n<td style=\"background-color: #000000;text-align: center\">Gestion et Administration<\/td>\n<\/tr>\n<tr>\n<td style=\"text-align: center\"><a href=\"http:\/\/www.lyc-raynouard.ac-nice.fr\/wp-content\/uploads\/sites\/34\/2014\/09\/2nde_mrcu.pdf\">2nde_mrcu<\/a><\/td>\n<td style=\"text-align: center\"><a href=\"http:\/\/www.lyc-raynouard.ac-nice.fr\/wp-content\/uploads\/sites\/34\/2014\/09\/2nde_ga.pdf\">2nde_ga<\/a><\/td>\n<\/tr>\n<\/tbody>\n<\/table>\n","protected":false},"excerpt":{"rendered":"<p>Vous pouvez retrouver dans le tableau ci-apr\u00e8s les documents pr\u00e9sentant les secondes professionnelles du Lyc\u00e9e. &nbsp; M\u00e9tiers de la relation Clients et Usagers Gestion et Administration 2nde_mrcu 2nde_ga<\/p>\n","protected":false},"author":1,"featured_media":0,"comment_status":"closed","ping_status":"open","sticky":false,"template":"","format":"standard","meta":{"_uag_custom_page_level_css":"","advgb_blocks_editor_width":"","advgb_blocks_columns_visual_guide":"","ngg_post_thumbnail":0,"footnotes":""},"categories":[15],"tags":[],"class_list":["post-194","post","type-post","status-publish","format-standard","hentry","category-pro","nodate","item-wrap"],"yoast_head":"<!-- This site is optimized with the Yoast SEO plugin v25.8 - https:\/\/yoast.com\/wordpress\/plugins\/seo\/ -->\n<title>Les secondes professionnelles au Lyc\u00e9e Raynouard - Lyc\u00e9e Polyvalent Raynouard<\/title>\n<meta name=\"robots\" content=\"index, follow, max-snippet:-1, max-image-preview:large, max-video-preview:-1\" \/>\n<link rel=\"canonical\" href=\"https:\/\/lycee-raynouard.fr\/index.php\/2014\/09\/20\/les-secondes-professionnelles-au-lycee-raynouard\/\" \/>\n<meta property=\"og:locale\" content=\"fr_FR\" \/>\n<meta property=\"og:type\" content=\"article\" \/>\n<meta property=\"og:title\" content=\"Les secondes professionnelles au Lyc\u00e9e Raynouard - Lyc\u00e9e Polyvalent Raynouard\" \/>\n<meta property=\"og:description\" content=\"Vous pouvez retrouver dans le tableau ci-apr\u00e8s les documents pr\u00e9sentant les secondes professionnelles du Lyc\u00e9e. &nbsp; M\u00e9tiers de la relation Clients et Usagers Gestion et Administration 2nde_mrcu 2nde_ga\" \/>\n<meta property=\"og:url\" content=\"https:\/\/lycee-raynouard.fr\/index.php\/2014\/09\/20\/les-secondes-professionnelles-au-lycee-raynouard\/\" \/>\n<meta property=\"og:site_name\" content=\"Lyc\u00e9e Polyvalent Raynouard\" \/>\n<meta property=\"article:published_time\" content=\"2014-09-20T18:32:02+00:00\" \/>\n<meta name=\"author\" content=\"adminray\" \/>\n<meta name=\"twitter:card\" content=\"summary_large_image\" \/>\n<meta name=\"twitter:label1\" content=\"\u00c9crit par\" \/>\n\t<meta name=\"twitter:data1\" content=\"adminray\" \/>\n<script type=\"application\/ld+json\" class=\"yoast-schema-graph\">{\"@context\":\"https:\/\/schema.org\",\"@graph\":[{\"@type\":\"WebPage\",\"@id\":\"https:\/\/lycee-raynouard.fr\/index.php\/2014\/09\/20\/les-secondes-professionnelles-au-lycee-raynouard\/\",\"url\":\"https:\/\/lycee-raynouard.fr\/index.php\/2014\/09\/20\/les-secondes-professionnelles-au-lycee-raynouard\/\",\"name\":\"Les secondes professionnelles au Lyc\u00e9e Raynouard - Lyc\u00e9e Polyvalent Raynouard\",\"isPartOf\":{\"@id\":\"https:\/\/lycee-raynouard.fr\/#website\"},\"datePublished\":\"2014-09-20T18:32:02+00:00\",\"author\":{\"@id\":\"https:\/\/lycee-raynouard.fr\/#\/schema\/person\/0b52631ef5186097004d915e03e875b6\"},\"breadcrumb\":{\"@id\":\"https:\/\/lycee-raynouard.fr\/index.php\/2014\/09\/20\/les-secondes-professionnelles-au-lycee-raynouard\/#breadcrumb\"},\"inLanguage\":\"fr-FR\",\"potentialAction\":[{\"@type\":\"ReadAction\",\"target\":[\"https:\/\/lycee-raynouard.fr\/index.php\/2014\/09\/20\/les-secondes-professionnelles-au-lycee-raynouard\/\"]}]},{\"@type\":\"BreadcrumbList\",\"@id\":\"https:\/\/lycee-raynouard.fr\/index.php\/2014\/09\/20\/les-secondes-professionnelles-au-lycee-raynouard\/#breadcrumb\",\"itemListElement\":[{\"@type\":\"ListItem\",\"position\":1,\"name\":\"Accueil\",\"item\":\"https:\/\/lycee-raynouard.fr\/\"},{\"@type\":\"ListItem\",\"position\":2,\"name\":\"Les secondes professionnelles au Lyc\u00e9e Raynouard\"}]},{\"@type\":\"WebSite\",\"@id\":\"https:\/\/lycee-raynouard.fr\/#website\",\"url\":\"https:\/\/lycee-raynouard.fr\/\",\"name\":\"Lyc\u00e9e Polyvalent Raynouard\",\"description\":\"Brignoles\",\"potentialAction\":[{\"@type\":\"SearchAction\",\"target\":{\"@type\":\"EntryPoint\",\"urlTemplate\":\"https:\/\/lycee-raynouard.fr\/?s={search_term_string}\"},\"query-input\":{\"@type\":\"PropertyValueSpecification\",\"valueRequired\":true,\"valueName\":\"search_term_string\"}}],\"inLanguage\":\"fr-FR\"},{\"@type\":\"Person\",\"@id\":\"https:\/\/lycee-raynouard.fr\/#\/schema\/person\/0b52631ef5186097004d915e03e875b6\",\"name\":\"adminray\",\"url\":\"https:\/\/lycee-raynouard.fr\/index.php\/author\/adminray\/\"}]}<\/script>\n<!-- \/ Yoast SEO plugin. -->","yoast_head_json":{"title":"Les secondes professionnelles au Lyc\u00e9e Raynouard - Lyc\u00e9e Polyvalent Raynouard","robots":{"index":"index","follow":"follow","max-snippet":"max-snippet:-1","max-image-preview":"max-image-preview:large","max-video-preview":"max-video-preview:-1"},"canonical":"https:\/\/lycee-raynouard.fr\/index.php\/2014\/09\/20\/les-secondes-professionnelles-au-lycee-raynouard\/","og_locale":"fr_FR","og_type":"article","og_title":"Les secondes professionnelles au Lyc\u00e9e Raynouard - Lyc\u00e9e Polyvalent Raynouard","og_description":"Vous pouvez retrouver dans le tableau ci-apr\u00e8s les documents pr\u00e9sentant les secondes professionnelles du Lyc\u00e9e. &nbsp; M\u00e9tiers de la relation Clients et Usagers Gestion et Administration 2nde_mrcu 2nde_ga","og_url":"https:\/\/lycee-raynouard.fr\/index.php\/2014\/09\/20\/les-secondes-professionnelles-au-lycee-raynouard\/","og_site_name":"Lyc\u00e9e Polyvalent Raynouard","article_published_time":"2014-09-20T18:32:02+00:00","author":"adminray","twitter_card":"summary_large_image","twitter_misc":{"\u00c9crit par":"adminray"},"schema":{"@context":"https:\/\/schema.org","@graph":[{"@type":"WebPage","@id":"https:\/\/lycee-raynouard.fr\/index.php\/2014\/09\/20\/les-secondes-professionnelles-au-lycee-raynouard\/","url":"https:\/\/lycee-raynouard.fr\/index.php\/2014\/09\/20\/les-secondes-professionnelles-au-lycee-raynouard\/","name":"Les secondes professionnelles au Lyc\u00e9e Raynouard - Lyc\u00e9e Polyvalent Raynouard","isPartOf":{"@id":"https:\/\/lycee-raynouard.fr\/#website"},"datePublished":"2014-09-20T18:32:02+00:00","author":{"@id":"https:\/\/lycee-raynouard.fr\/#\/schema\/person\/0b52631ef5186097004d915e03e875b6"},"breadcrumb":{"@id":"https:\/\/lycee-raynouard.fr\/index.php\/2014\/09\/20\/les-secondes-professionnelles-au-lycee-raynouard\/#breadcrumb"},"inLanguage":"fr-FR","potentialAction":[{"@type":"ReadAction","target":["https:\/\/lycee-raynouard.fr\/index.php\/2014\/09\/20\/les-secondes-professionnelles-au-lycee-raynouard\/"]}]},{"@type":"BreadcrumbList","@id":"https:\/\/lycee-raynouard.fr\/index.php\/2014\/09\/20\/les-secondes-professionnelles-au-lycee-raynouard\/#breadcrumb","itemListElement":[{"@type":"ListItem","position":1,"name":"Accueil","item":"https:\/\/lycee-raynouard.fr\/"},{"@type":"ListItem","position":2,"name":"Les secondes professionnelles au Lyc\u00e9e Raynouard"}]},{"@type":"WebSite","@id":"https:\/\/lycee-raynouard.fr\/#website","url":"https:\/\/lycee-raynouard.fr\/","name":"Lyc\u00e9e Polyvalent Raynouard","description":"Brignoles","potentialAction":[{"@type":"SearchAction","target":{"@type":"EntryPoint","urlTemplate":"https:\/\/lycee-raynouard.fr\/?s={search_term_string}"},"query-input":{"@type":"PropertyValueSpecification","valueRequired":true,"valueName":"search_term_string"}}],"inLanguage":"fr-FR"},{"@type":"Person","@id":"https:\/\/lycee-raynouard.fr\/#\/schema\/person\/0b52631ef5186097004d915e03e875b6","name":"adminray","url":"https:\/\/lycee-raynouard.fr\/index.php\/author\/adminray\/"}]}},"author_meta":{"display_name":"adminray","author_link":"https:\/\/lycee-raynouard.fr\/index.php\/author\/adminray\/"},"featured_img":null,"uagb_featured_image_src":{"full":false,"thumbnail":false,"medium":false,"medium_large":false,"large":false,"1536x1536":false,"2048x2048":false,"graphene_slider":false,"graphene_featured_image":false,"post-thumbnail":false,"mailpoet_newsletter_max":false},"uagb_author_info":{"display_name":"adminray","author_link":"https:\/\/lycee-raynouard.fr\/index.php\/author\/adminray\/"},"uagb_comment_info":0,"uagb_excerpt":"Vous pouvez retrouver dans le tableau ci-apr\u00e8s les documents pr\u00e9sentant les secondes professionnelles du Lyc\u00e9e. &nbsp; M\u00e9tiers de la relation Clients et Usagers Gestion et Administration 2nde_mrcu 2nde_ga","coauthors":[],"tax_additional":{"categories":{"linked":["<a href=\"https:\/\/lycee-raynouard.fr\/index.php\/category\/pro\/\" class=\"advgb-post-tax-term\">les enseignements professionnels<\/a>"],"unlinked":["<span class=\"advgb-post-tax-term\">les enseignements professionnels<\/span>"]}},"comment_count":"0","relative_dates":{"created":"Publi\u00e9 12 ans il y a","modified":"Mis \u00e0 jour 12 ans il y a"},"absolute_dates":{"created":"Publi\u00e9 le 20 septembre 2014","modified":"Mise \u00e0 jour le 20 septembre 2014"},"absolute_dates_time":{"created":"Publi\u00e9 le 20 septembre 2014 19 h 32 min","modified":"Mise \u00e0 jour le 20 septembre 2014 19 h 32 min"},"featured_img_caption":"","series_order":"","_links":{"self":[{"href":"https:\/\/lycee-raynouard.fr\/index.php\/wp-json\/wp\/v2\/posts\/194","targetHints":{"allow":["GET"]}}],"collection":[{"href":"https:\/\/lycee-raynouard.fr\/index.php\/wp-json\/wp\/v2\/posts"}],"about":[{"href":"https:\/\/lycee-raynouard.fr\/index.php\/wp-json\/wp\/v2\/types\/post"}],"author":[{"embeddable":true,"href":"https:\/\/lycee-raynouard.fr\/index.php\/wp-json\/wp\/v2\/users\/1"}],"replies":[{"embeddable":true,"href":"https:\/\/lycee-raynouard.fr\/index.php\/wp-json\/wp\/v2\/comments?post=194"}],"version-history":[{"count":0,"href":"https:\/\/lycee-raynouard.fr\/index.php\/wp-json\/wp\/v2\/posts\/194\/revisions"}],"wp:attachment":[{"href":"https:\/\/lycee-raynouard.fr\/index.php\/wp-json\/wp\/v2\/media?parent=194"}],"wp:term":[{"taxonomy":"category","embeddable":true,"href":"https:\/\/lycee-raynouard.fr\/index.php\/wp-json\/wp\/v2\/categories?post=194"},{"taxonomy":"post_tag","embeddable":true,"href":"https:\/\/lycee-raynouard.fr\/index.php\/wp-json\/wp\/v2\/tags?post=194"}],"curies":[{"name":"wp","href":"https:\/\/api.w.org\/{rel}","templated":true}]}}