{"id":2227,"date":"2018-06-12T10:36:42","date_gmt":"2018-06-12T09:36:42","guid":{"rendered":"http:\/\/www.lyc-raynouard.ac-nice.fr\/?p=2227"},"modified":"2018-06-12T10:36:42","modified_gmt":"2018-06-12T09:36:42","slug":"travail-de-vacances-pour-les-futurs-secondes","status":"publish","type":"post","link":"https:\/\/lycee-raynouard.fr\/index.php\/2018\/06\/12\/travail-de-vacances-pour-les-futurs-secondes\/","title":{"rendered":"travail de vacances pour les futurs secondes"},"content":{"rendered":"<p align=\"CENTER\"><u><b><a href=\"http:\/\/www.lyc-raynouard.ac-nice.fr\/wp-content\/uploads\/sites\/34\/2018\/06\/maths-1.jpg\"><img loading=\"lazy\" decoding=\"async\" class=\"size-thumbnail wp-image-2245 alignleft\" src=\"http:\/\/www.lyc-raynouard.ac-nice.fr\/wp-content\/uploads\/sites\/34\/2018\/06\/maths-1-150x150.jpg\" alt=\"\" height=\"150\" width=\"150\" srcset=\"https:\/\/lycee-raynouard.fr\/wp-content\/uploads\/2018\/06\/maths-1-150x150.jpg 150w, https:\/\/lycee-raynouard.fr\/wp-content\/uploads\/2018\/06\/maths-1-100x100.jpg 100w\" sizes=\"auto, (max-width: 150px) 100vw, 150px\" \/><\/a>Bien pr\u00e9parer les math\u00e9matiques pour l&rsquo;entr\u00e9e en 2nde <\/b><\/u><\/p>\n<p align=\"CENTER\"><u><b>Travail de vacances<\/b><\/u><\/p>\n<p>Beaucoup d&rsquo;\u00e9l\u00e8ves qui ont des notes correctes en coll\u00e8ge sont d\u00e9stabilis\u00e9s par les exigences du travail attendu en math\u00e9matiques au lyc\u00e9e.<\/p>\n<p>Il est imp\u00e9ratif de bien s&rsquo;y pr\u00e9parer \u00e0 un rythme r\u00e9gulier bien r\u00e9parti pendant les vacances d&rsquo;\u00e9t\u00e9.<\/p>\n<p><!--more-->Les professeurs du lyc\u00e9e Raynouard \u00e0 Brignoles proposent le guide de travail qui suit&nbsp;:<\/p>\n<p>Pour ceux qui pr\u00e9f\u00e8rent travailler sur un ordinateur de fa\u00e7on interactive avec les corrections et explications qui apparaissent pour aider \u00e0 comprendre ses erreurs&nbsp;:<\/p>\n<ul>\n<li>Rendez vous sur internet sur le site de <a href=\"https:\/\/labomep.sesamath.net\/\">SESAMAT<\/a> pour acc\u00e9der \u00e0 LabomepV2<\/li>\n<li>Connectez vous tous d\u00e8s maintenant avec l&rsquo;identifiant <b>eleve1<\/b> et le mot de passe <b>eleve2<\/b><\/li>\n<\/ul>\n<p style=\"padding-left: 30px\">ou <b>cr\u00e9er votre compte \u00e9l\u00e8ve<\/b> mais attention, la derni\u00e8re quinze d&rsquo;Ao\u00fbt, les comptes de l&rsquo;ann\u00e9e scolaire 2017-18 sont supprim\u00e9s pour laisser la place aux nouveaux \u00e9l\u00e8ves de 2018-19 (pas de panique, si votre compte dispara\u00eet vous pourrez en cr\u00e9er un nouveau apr\u00e8s une attente de 1 \u00e0 2 jours de mise \u00e0 jour du site). Comment cr\u00e9er son propre compte, il suffit de taper <b>raynouard<\/b> dans structure et de choisir <b>AAADH &#8211; Raynouard (Brignoles) <\/b>puis de remplir le formulaire en choisissant \u00ab&nbsp;futur 2nde&nbsp;\u00bb, ensuite de cliquer sur \u00ab&nbsp;cr\u00e9er&nbsp;\u00bb et d&rsquo;attendre que votre compte soit valid\u00e9. Notez bien vos identifiant et mot de passe&nbsp;pour ne pas les perdre!<\/p>\n<p style=\"padding-left: 30px\">Si vous rencontrez un bug de fonctionnement (pas de panique non plus!), il suffit parfois de changer de navigateur entre Mozilla Firefox et Google Chrome par exemple ou de mettre \u00e0 jour votre navigateur. Les bugs les plus courants sont sur Internet Explorer.<\/p>\n<p style=\"padding-left: 30px\">Vous acc\u00e9derez \u00e0 un menu d&rsquo;exercices par th\u00e8mes class\u00e9s par ordre alphab\u00e9tique comme celui en image ci-dessous \u00e0 gauche, chaque th\u00e8me contient plusieurs s\u00e9ries compos\u00e9es chacune de plusieurs exercices. Par exemple en cliquant sur le th\u00e8me \u00ab&nbsp;d\u00e9velopper 3eme&nbsp;\u00bb on obtient la s\u00e9rie en image ci-dessous \u00e0 droite.<\/p>\n<p><a href=\"http:\/\/www.lyc-raynouard.ac-nice.fr\/wp-content\/uploads\/sites\/34\/2018\/06\/imagemaths.jpg\"><img loading=\"lazy\" decoding=\"async\" class=\"aligncenter size-medium wp-image-2228\" src=\"http:\/\/www.lyc-raynouard.ac-nice.fr\/wp-content\/uploads\/sites\/34\/2018\/06\/imagemaths-300x132.jpg\" alt=\"\" height=\"132\" width=\"300\" srcset=\"https:\/\/lycee-raynouard.fr\/wp-content\/uploads\/2018\/06\/imagemaths-300x132.jpg 300w, https:\/\/lycee-raynouard.fr\/wp-content\/uploads\/2018\/06\/imagemaths-768x338.jpg 768w, https:\/\/lycee-raynouard.fr\/wp-content\/uploads\/2018\/06\/imagemaths.jpg 1000w\" sizes=\"auto, (max-width: 300px) 100vw, 300px\" \/><\/a><\/p>\n<p style=\"padding-left: 30px\">Il n&rsquo;est pas recommand\u00e9 de faire un th\u00e8me dans son int\u00e9gralit\u00e9 avant de d\u00e9marrer les autres, sauf pour le th\u00e8me \u00ab&nbsp;fonctions2&nbsp;\u00bb qu&rsquo;il faut faire apr\u00e8s avoir fini \u00ab&nbsp;fonction1&nbsp;\u00bb. De m\u00eame pour le th\u00e8me \u00ab&nbsp;factoriser&nbsp;\u00bb \u00e0 faire apr\u00e8s \u00ab&nbsp;d\u00e9velopper&nbsp;\u00bb. Par exemple vous commencez par faire dans \u00ab&nbsp;d\u00e9velopper&nbsp;\u00bb les 1Distributivit\u00e9s puis 2D\u00e9velopper,r\u00e9duire , puis vous faites une s\u00e9rie du th\u00e8me \u00ab&nbsp;th\u00e9or\u00e8mes g\u00e9om\u00e9trie&nbsp;\u00bb, puis une ou deux s\u00e9rie du th\u00e8me fonction1 etc&#8230; Si une s\u00e9rie d&rsquo;exercices vous posent probl\u00e8me, vous la recommencez la semaine suivante apr\u00e8s avoir analyser vos erreurs. Il est bien \u00e9videment d\u00e9conseill\u00e9 d&rsquo;entendre la fin des vacances pour s&rsquo;y mettre mais au contraire il faut bien \u00e9taler le travail dans le temps.<\/p>\n<p style=\"padding-left: 30px\">Autres pistes de travail compl\u00e9mentaire&nbsp;: si vous avez oubli\u00e9 votre cours, vous trouverez des livres de tout niveau avec cours, exercices et exercices avec corrections sur le site <a href=\"http:\/\/manuel.sesamath.net\/\">SESAMAT<\/a> et si vous aimez chercher sur Youtube des m\u00e9thodes en tapant un mot cl\u00e9 par exemple \u00ab&nbsp;d\u00e9velopper&nbsp;\u00bb , une source fiable est Yvan Monka.<\/p>\n<p>Pour ceux qui n&rsquo;ont pas d&rsquo;acc\u00e8s \u00e0 internet r\u00e9guli\u00e8rement, il est possible de r\u00e9cup\u00e9rer sur le site du lyc\u00e9e un <a href=\"http:\/\/www.lyc-raynouard.ac-nice.fr\/wp-content\/uploads\/sites\/34\/2018\/06\/livret-math\u00e9matiques-lyc\u00e9e-2017.pdf\">livret d&rsquo;exercices \u00e0 imprimer<\/a> qui couvre \u00e9galement les points essentiels du coll\u00e8ge n\u00e9cessaires \u00e0 l&rsquo;entr\u00e9e au lyc\u00e9e. Si vous avez le choix, l&rsquo;id\u00e9al est d&rsquo;alterner entre exercices \u00e9crits et exercices interactifs.<\/p>\n<p>Il est \u00e0 noter que la r\u00e9forme du baccalaur\u00e9at annonce que les \u00e9l\u00e8ves qui entrent en seconde \u00e0 partir de la rentr\u00e9e 2018 devront passer une \u00e9valuation de niveau en math\u00e9matiques.<\/p>\n<p>Bonnes vacances&nbsp;! Et bonne pr\u00e9paration pour l&rsquo;entr\u00e9e en 2nde&nbsp;!<\/p>\n","protected":false},"excerpt":{"rendered":"<p>Bien pr\u00e9parer les math\u00e9matiques pour l&rsquo;entr\u00e9e en 2nde Travail de vacances Beaucoup d&rsquo;\u00e9l\u00e8ves qui ont des notes correctes en coll\u00e8ge sont d\u00e9stabilis\u00e9s par les exigences du travail attendu en math\u00e9matiques au lyc\u00e9e. Il est imp\u00e9ratif de bien s&rsquo;y pr\u00e9parer \u00e0 un rythme r\u00e9gulier bien r\u00e9parti pendant les vacances d&rsquo;\u00e9t\u00e9.<\/p><p><a class=\"more-link btn\" href=\"https:\/\/lycee-raynouard.fr\/index.php\/2018\/06\/12\/travail-de-vacances-pour-les-futurs-secondes\/\">Lire la suite<\/a><\/p>\n","protected":false},"author":1,"featured_media":0,"comment_status":"closed","ping_status":"closed","sticky":false,"template":"","format":"standard","meta":{"_uag_custom_page_level_css":"","advgb_blocks_editor_width":"","advgb_blocks_columns_visual_guide":"","ngg_post_thumbnail":0,"footnotes":""},"categories":[31,19],"tags":[],"class_list":["post-2227","post","type-post","status-publish","format-standard","hentry","category-maths","category-pour-les-eleves","nodate","item-wrap"],"yoast_head":"<!-- This site is optimized with the Yoast SEO plugin v25.8 - https:\/\/yoast.com\/wordpress\/plugins\/seo\/ -->\n<title>travail de vacances pour les futurs secondes - Lyc\u00e9e Polyvalent Raynouard<\/title>\n<meta name=\"robots\" content=\"index, follow, max-snippet:-1, max-image-preview:large, max-video-preview:-1\" \/>\n<link rel=\"canonical\" href=\"https:\/\/lycee-raynouard.fr\/index.php\/2018\/06\/12\/travail-de-vacances-pour-les-futurs-secondes\/\" \/>\n<meta property=\"og:locale\" content=\"fr_FR\" \/>\n<meta property=\"og:type\" content=\"article\" \/>\n<meta property=\"og:title\" content=\"travail de vacances pour les futurs secondes - Lyc\u00e9e Polyvalent Raynouard\" \/>\n<meta property=\"og:description\" content=\"Bien pr\u00e9parer les math\u00e9matiques pour l&rsquo;entr\u00e9e en 2nde Travail de vacances Beaucoup d&rsquo;\u00e9l\u00e8ves qui ont des notes correctes en coll\u00e8ge sont d\u00e9stabilis\u00e9s par les exigences du travail attendu en math\u00e9matiques au lyc\u00e9e. Il est imp\u00e9ratif de bien s&rsquo;y pr\u00e9parer \u00e0 un rythme r\u00e9gulier bien r\u00e9parti pendant les vacances d&rsquo;\u00e9t\u00e9.\" \/>\n<meta property=\"og:url\" content=\"https:\/\/lycee-raynouard.fr\/index.php\/2018\/06\/12\/travail-de-vacances-pour-les-futurs-secondes\/\" \/>\n<meta property=\"og:site_name\" content=\"Lyc\u00e9e Polyvalent Raynouard\" \/>\n<meta property=\"article:published_time\" content=\"2018-06-12T09:36:42+00:00\" \/>\n<meta property=\"og:image\" content=\"http:\/\/www.lyc-raynouard.ac-nice.fr\/wp-content\/uploads\/sites\/34\/2018\/06\/maths-1-150x150.jpg\" \/>\n<meta name=\"author\" content=\"adminray\" \/>\n<meta name=\"twitter:card\" content=\"summary_large_image\" \/>\n<meta name=\"twitter:label1\" content=\"\u00c9crit par\" \/>\n\t<meta name=\"twitter:data1\" content=\"adminray\" \/>\n\t<meta name=\"twitter:label2\" content=\"Dur\u00e9e de lecture estim\u00e9e\" \/>\n\t<meta name=\"twitter:data2\" content=\"3 minutes\" \/>\n<script type=\"application\/ld+json\" class=\"yoast-schema-graph\">{\"@context\":\"https:\/\/schema.org\",\"@graph\":[{\"@type\":\"WebPage\",\"@id\":\"https:\/\/lycee-raynouard.fr\/index.php\/2018\/06\/12\/travail-de-vacances-pour-les-futurs-secondes\/\",\"url\":\"https:\/\/lycee-raynouard.fr\/index.php\/2018\/06\/12\/travail-de-vacances-pour-les-futurs-secondes\/\",\"name\":\"travail de vacances pour les futurs secondes - Lyc\u00e9e Polyvalent Raynouard\",\"isPartOf\":{\"@id\":\"https:\/\/lycee-raynouard.fr\/#website\"},\"primaryImageOfPage\":{\"@id\":\"https:\/\/lycee-raynouard.fr\/index.php\/2018\/06\/12\/travail-de-vacances-pour-les-futurs-secondes\/#primaryimage\"},\"image\":{\"@id\":\"https:\/\/lycee-raynouard.fr\/index.php\/2018\/06\/12\/travail-de-vacances-pour-les-futurs-secondes\/#primaryimage\"},\"thumbnailUrl\":\"http:\/\/www.lyc-raynouard.ac-nice.fr\/wp-content\/uploads\/sites\/34\/2018\/06\/maths-1-150x150.jpg\",\"datePublished\":\"2018-06-12T09:36:42+00:00\",\"author\":{\"@id\":\"https:\/\/lycee-raynouard.fr\/#\/schema\/person\/0b52631ef5186097004d915e03e875b6\"},\"breadcrumb\":{\"@id\":\"https:\/\/lycee-raynouard.fr\/index.php\/2018\/06\/12\/travail-de-vacances-pour-les-futurs-secondes\/#breadcrumb\"},\"inLanguage\":\"fr-FR\",\"potentialAction\":[{\"@type\":\"ReadAction\",\"target\":[\"https:\/\/lycee-raynouard.fr\/index.php\/2018\/06\/12\/travail-de-vacances-pour-les-futurs-secondes\/\"]}]},{\"@type\":\"ImageObject\",\"inLanguage\":\"fr-FR\",\"@id\":\"https:\/\/lycee-raynouard.fr\/index.php\/2018\/06\/12\/travail-de-vacances-pour-les-futurs-secondes\/#primaryimage\",\"url\":\"http:\/\/www.lyc-raynouard.ac-nice.fr\/wp-content\/uploads\/sites\/34\/2018\/06\/maths-1-150x150.jpg\",\"contentUrl\":\"http:\/\/www.lyc-raynouard.ac-nice.fr\/wp-content\/uploads\/sites\/34\/2018\/06\/maths-1-150x150.jpg\"},{\"@type\":\"BreadcrumbList\",\"@id\":\"https:\/\/lycee-raynouard.fr\/index.php\/2018\/06\/12\/travail-de-vacances-pour-les-futurs-secondes\/#breadcrumb\",\"itemListElement\":[{\"@type\":\"ListItem\",\"position\":1,\"name\":\"Accueil\",\"item\":\"https:\/\/lycee-raynouard.fr\/\"},{\"@type\":\"ListItem\",\"position\":2,\"name\":\"travail de vacances pour les futurs secondes\"}]},{\"@type\":\"WebSite\",\"@id\":\"https:\/\/lycee-raynouard.fr\/#website\",\"url\":\"https:\/\/lycee-raynouard.fr\/\",\"name\":\"Lyc\u00e9e Polyvalent Raynouard\",\"description\":\"Brignoles\",\"potentialAction\":[{\"@type\":\"SearchAction\",\"target\":{\"@type\":\"EntryPoint\",\"urlTemplate\":\"https:\/\/lycee-raynouard.fr\/?s={search_term_string}\"},\"query-input\":{\"@type\":\"PropertyValueSpecification\",\"valueRequired\":true,\"valueName\":\"search_term_string\"}}],\"inLanguage\":\"fr-FR\"},{\"@type\":\"Person\",\"@id\":\"https:\/\/lycee-raynouard.fr\/#\/schema\/person\/0b52631ef5186097004d915e03e875b6\",\"name\":\"adminray\",\"url\":\"https:\/\/lycee-raynouard.fr\/index.php\/author\/adminray\/\"}]}<\/script>\n<!-- \/ Yoast SEO plugin. -->","yoast_head_json":{"title":"travail de vacances pour les futurs secondes - Lyc\u00e9e Polyvalent Raynouard","robots":{"index":"index","follow":"follow","max-snippet":"max-snippet:-1","max-image-preview":"max-image-preview:large","max-video-preview":"max-video-preview:-1"},"canonical":"https:\/\/lycee-raynouard.fr\/index.php\/2018\/06\/12\/travail-de-vacances-pour-les-futurs-secondes\/","og_locale":"fr_FR","og_type":"article","og_title":"travail de vacances pour les futurs secondes - Lyc\u00e9e Polyvalent Raynouard","og_description":"Bien pr\u00e9parer les math\u00e9matiques pour l&rsquo;entr\u00e9e en 2nde Travail de vacances Beaucoup d&rsquo;\u00e9l\u00e8ves qui ont des notes correctes en coll\u00e8ge sont d\u00e9stabilis\u00e9s par les exigences du travail attendu en math\u00e9matiques au lyc\u00e9e. Il est imp\u00e9ratif de bien s&rsquo;y pr\u00e9parer \u00e0 un rythme r\u00e9gulier bien r\u00e9parti pendant les vacances d&rsquo;\u00e9t\u00e9.","og_url":"https:\/\/lycee-raynouard.fr\/index.php\/2018\/06\/12\/travail-de-vacances-pour-les-futurs-secondes\/","og_site_name":"Lyc\u00e9e Polyvalent Raynouard","article_published_time":"2018-06-12T09:36:42+00:00","og_image":[{"url":"http:\/\/www.lyc-raynouard.ac-nice.fr\/wp-content\/uploads\/sites\/34\/2018\/06\/maths-1-150x150.jpg","type":"","width":"","height":""}],"author":"adminray","twitter_card":"summary_large_image","twitter_misc":{"\u00c9crit par":"adminray","Dur\u00e9e de lecture estim\u00e9e":"3 minutes"},"schema":{"@context":"https:\/\/schema.org","@graph":[{"@type":"WebPage","@id":"https:\/\/lycee-raynouard.fr\/index.php\/2018\/06\/12\/travail-de-vacances-pour-les-futurs-secondes\/","url":"https:\/\/lycee-raynouard.fr\/index.php\/2018\/06\/12\/travail-de-vacances-pour-les-futurs-secondes\/","name":"travail de vacances pour les futurs secondes - Lyc\u00e9e Polyvalent Raynouard","isPartOf":{"@id":"https:\/\/lycee-raynouard.fr\/#website"},"primaryImageOfPage":{"@id":"https:\/\/lycee-raynouard.fr\/index.php\/2018\/06\/12\/travail-de-vacances-pour-les-futurs-secondes\/#primaryimage"},"image":{"@id":"https:\/\/lycee-raynouard.fr\/index.php\/2018\/06\/12\/travail-de-vacances-pour-les-futurs-secondes\/#primaryimage"},"thumbnailUrl":"http:\/\/www.lyc-raynouard.ac-nice.fr\/wp-content\/uploads\/sites\/34\/2018\/06\/maths-1-150x150.jpg","datePublished":"2018-06-12T09:36:42+00:00","author":{"@id":"https:\/\/lycee-raynouard.fr\/#\/schema\/person\/0b52631ef5186097004d915e03e875b6"},"breadcrumb":{"@id":"https:\/\/lycee-raynouard.fr\/index.php\/2018\/06\/12\/travail-de-vacances-pour-les-futurs-secondes\/#breadcrumb"},"inLanguage":"fr-FR","potentialAction":[{"@type":"ReadAction","target":["https:\/\/lycee-raynouard.fr\/index.php\/2018\/06\/12\/travail-de-vacances-pour-les-futurs-secondes\/"]}]},{"@type":"ImageObject","inLanguage":"fr-FR","@id":"https:\/\/lycee-raynouard.fr\/index.php\/2018\/06\/12\/travail-de-vacances-pour-les-futurs-secondes\/#primaryimage","url":"http:\/\/www.lyc-raynouard.ac-nice.fr\/wp-content\/uploads\/sites\/34\/2018\/06\/maths-1-150x150.jpg","contentUrl":"http:\/\/www.lyc-raynouard.ac-nice.fr\/wp-content\/uploads\/sites\/34\/2018\/06\/maths-1-150x150.jpg"},{"@type":"BreadcrumbList","@id":"https:\/\/lycee-raynouard.fr\/index.php\/2018\/06\/12\/travail-de-vacances-pour-les-futurs-secondes\/#breadcrumb","itemListElement":[{"@type":"ListItem","position":1,"name":"Accueil","item":"https:\/\/lycee-raynouard.fr\/"},{"@type":"ListItem","position":2,"name":"travail de vacances pour les futurs secondes"}]},{"@type":"WebSite","@id":"https:\/\/lycee-raynouard.fr\/#website","url":"https:\/\/lycee-raynouard.fr\/","name":"Lyc\u00e9e Polyvalent Raynouard","description":"Brignoles","potentialAction":[{"@type":"SearchAction","target":{"@type":"EntryPoint","urlTemplate":"https:\/\/lycee-raynouard.fr\/?s={search_term_string}"},"query-input":{"@type":"PropertyValueSpecification","valueRequired":true,"valueName":"search_term_string"}}],"inLanguage":"fr-FR"},{"@type":"Person","@id":"https:\/\/lycee-raynouard.fr\/#\/schema\/person\/0b52631ef5186097004d915e03e875b6","name":"adminray","url":"https:\/\/lycee-raynouard.fr\/index.php\/author\/adminray\/"}]}},"author_meta":{"display_name":"adminray","author_link":"https:\/\/lycee-raynouard.fr\/index.php\/author\/adminray\/"},"featured_img":null,"uagb_featured_image_src":{"full":false,"thumbnail":false,"medium":false,"medium_large":false,"large":false,"1536x1536":false,"2048x2048":false,"graphene_slider":false,"graphene_featured_image":false,"post-thumbnail":false,"mailpoet_newsletter_max":false},"uagb_author_info":{"display_name":"adminray","author_link":"https:\/\/lycee-raynouard.fr\/index.php\/author\/adminray\/"},"uagb_comment_info":0,"uagb_excerpt":"Bien pr\u00e9parer les math\u00e9matiques pour l&rsquo;entr\u00e9e en 2nde Travail de vacances Beaucoup d&rsquo;\u00e9l\u00e8ves qui ont des notes correctes en coll\u00e8ge sont d\u00e9stabilis\u00e9s par les exigences du travail attendu en math\u00e9matiques au lyc\u00e9e. Il est imp\u00e9ratif de bien s&rsquo;y pr\u00e9parer \u00e0 un rythme r\u00e9gulier bien r\u00e9parti pendant les vacances d&rsquo;\u00e9t\u00e9.","coauthors":[],"tax_additional":{"categories":{"linked":["<a href=\"https:\/\/lycee-raynouard.fr\/index.php\/category\/les-enseignements-generaux-au-lycee\/maths\/\" class=\"advgb-post-tax-term\">Les Math\u00e9matiques<\/a>","<a href=\"https:\/\/lycee-raynouard.fr\/index.php\/category\/pour-les-eleves\/\" class=\"advgb-post-tax-term\">Pour les \u00e9l\u00e8ves<\/a>"],"unlinked":["<span class=\"advgb-post-tax-term\">Les Math\u00e9matiques<\/span>","<span class=\"advgb-post-tax-term\">Pour les \u00e9l\u00e8ves<\/span>"]}},"comment_count":"0","relative_dates":{"created":"Publi\u00e9 8 ans il y a","modified":"Mis \u00e0 jour 8 ans il y a"},"absolute_dates":{"created":"Publi\u00e9 le 12 juin 2018","modified":"Mise \u00e0 jour le 12 juin 2018"},"absolute_dates_time":{"created":"Publi\u00e9 le 12 juin 2018 10 h 36 min","modified":"Mise \u00e0 jour le 12 juin 2018 10 h 36 min"},"featured_img_caption":"","series_order":"","_links":{"self":[{"href":"https:\/\/lycee-raynouard.fr\/index.php\/wp-json\/wp\/v2\/posts\/2227","targetHints":{"allow":["GET"]}}],"collection":[{"href":"https:\/\/lycee-raynouard.fr\/index.php\/wp-json\/wp\/v2\/posts"}],"about":[{"href":"https:\/\/lycee-raynouard.fr\/index.php\/wp-json\/wp\/v2\/types\/post"}],"author":[{"embeddable":true,"href":"https:\/\/lycee-raynouard.fr\/index.php\/wp-json\/wp\/v2\/users\/1"}],"replies":[{"embeddable":true,"href":"https:\/\/lycee-raynouard.fr\/index.php\/wp-json\/wp\/v2\/comments?post=2227"}],"version-history":[{"count":0,"href":"https:\/\/lycee-raynouard.fr\/index.php\/wp-json\/wp\/v2\/posts\/2227\/revisions"}],"wp:attachment":[{"href":"https:\/\/lycee-raynouard.fr\/index.php\/wp-json\/wp\/v2\/media?parent=2227"}],"wp:term":[{"taxonomy":"category","embeddable":true,"href":"https:\/\/lycee-raynouard.fr\/index.php\/wp-json\/wp\/v2\/categories?post=2227"},{"taxonomy":"post_tag","embeddable":true,"href":"https:\/\/lycee-raynouard.fr\/index.php\/wp-json\/wp\/v2\/tags?post=2227"}],"curies":[{"name":"wp","href":"https:\/\/api.w.org\/{rel}","templated":true}]}}