{"id":2286,"date":"2018-10-02T21:33:46","date_gmt":"2018-10-02T20:33:46","guid":{"rendered":"http:\/\/www.lyc-raynouard.ac-nice.fr\/?p=2286"},"modified":"2018-10-02T21:33:46","modified_gmt":"2018-10-02T20:33:46","slug":"rentree-pro-pour-les-bts-professions-immobilieres","status":"publish","type":"post","link":"https:\/\/lycee-raynouard.fr\/index.php\/2018\/10\/02\/rentree-pro-pour-les-bts-professions-immobilieres\/","title":{"rendered":"\u00ab Rentr\u00e9e pro. \u00bb pour les BTS Professions immobili\u00e8res !"},"content":{"rendered":"<p>&nbsp;<\/p>\n<p>Les mercredi 5 et jeudi 6 septembre ont \u00e9t\u00e9 pour les deux promotions de BTS professions immobili\u00e8res (BTS PI) l\u2019occasion d\u2019assister \u00e0 des interventions de diff\u00e9rents professionnels de l\u2019immobilier, le but \u00e9tant (pour les nouveaux \u00e9tudiants de 1\u00e8 ann\u00e9e) d\u2019entrer tr\u00e8s vite dans le vif du sujet gr\u00e2ce au contact avec des sp\u00e9cialistes de la transaction et de la gestion immobili\u00e8res, mais aussi de l\u2019habitat social.<\/p>\n<p><!--more--><\/p>\n<p>Nous avons ainsi accueilli <strong>R\u00e9my Caire<\/strong> et <strong>R\u00e9my Delaire<\/strong>, jeunes agents immobiliers respectivement transactionnaire et syndic de copropri\u00e9t\u00e9, qui n\u2019ont pas manqu\u00e9 de souligner le caract\u00e8re tr\u00e8s qualifiant du BTS PI et qui ont mis l\u2019accent sur l\u2019\u00e9volution du m\u00e9tier et les qualit\u00e9s et comp\u00e9tences incontournables dans leur pratique&nbsp;: r\u00e9activit\u00e9, \u00e9coute du client, compr\u00e9hension des besoins, conseil au client bas\u00e9 sur des connaissances techniques pr\u00e9cises en urbanisme et en droit de l\u2019immobilier.<\/p>\n<p><strong>Laurent Denis<\/strong>, Directeur g\u00e9n\u00e9ral adjoint de <strong>Var Habitat<\/strong>, premier bailleur social du Var et parrain de la promotion 2016-2018 repr\u00e9sentait une autre facette de l\u2019immobilier, qui constitue un d\u00e9bouch\u00e9 non n\u00e9gligeable et en forte croissance pour nos \u00e9tudiants&nbsp;: celle du logement social, avec de multiples m\u00e9tiers tels attach\u00e9s de commercialisation de logements neufs, charg\u00e9s de client\u00e8le\u2026&nbsp;; un domaine o\u00f9 les qualit\u00e9s d\u2019\u00e9coute et le suivi personnalis\u00e9 des clients priment \u00e9galement, et qui peuvent attirer des profils d\u2019\u00e9tudiants diff\u00e9rents&nbsp;: chaque ann\u00e9e des conventions de stage sont conclues avec Var Habitat, et d\u00e8s \u00e0 pr\u00e9sent trois \u00e9tudiants de 2\u00e8 ann\u00e9e se sont positionn\u00e9s pour leur derni\u00e8re p\u00e9riode de formation en milieu professionnel.<\/p>\n<p>Ces rencontres se sont accompagn\u00e9es de la pr\u00e9sentation par les \u00e9tudiants de 2\u00e8 ann\u00e9e de leur stage de 6 semaines, favorisant les \u00e9changes entre les anciens et nouveaux arrivants de 1\u00e8 ann\u00e9e.<\/p>\n<p>A venir&nbsp;sur l\u2019agenda du BTS professions immobili\u00e8res&nbsp;:<\/p>\n<p style=\"padding-left: 30px\">-Une matin\u00e9e de d\u00e9couverte architecturale du centre-ville de Brignoles, occasion de renforcer les liens et l\u2019int\u00e9gration entre les 2\u00e8 et les 1\u00e8 ann\u00e9es.<\/p>\n<p style=\"padding-left: 30px\">&#8211; Une visite du centre-ville de Toulon (courant octobre)<\/p>\n<p>&nbsp;<\/p>\n<p>&nbsp;<\/p>\n<p>&nbsp;<\/p>\n","protected":false},"excerpt":{"rendered":"<p>&nbsp; Les mercredi 5 et jeudi 6 septembre ont \u00e9t\u00e9 pour les deux promotions de BTS professions immobili\u00e8res (BTS PI) l\u2019occasion d\u2019assister \u00e0 des interventions de diff\u00e9rents professionnels de l\u2019immobilier, le but \u00e9tant (pour les nouveaux \u00e9tudiants de 1\u00e8 ann\u00e9e) d\u2019entrer tr\u00e8s vite dans le vif du sujet gr\u00e2ce au contact avec des sp\u00e9cialistes de &hellip; <\/p>\n<p><a class=\"more-link btn\" href=\"https:\/\/lycee-raynouard.fr\/index.php\/2018\/10\/02\/rentree-pro-pour-les-bts-professions-immobilieres\/\">Lire la suite<\/a><\/p>\n","protected":false},"author":1,"featured_media":0,"comment_status":"closed","ping_status":"closed","sticky":false,"template":"","format":"standard","meta":{"_uag_custom_page_level_css":"","advgb_blocks_editor_width":"","advgb_blocks_columns_visual_guide":"","ngg_post_thumbnail":0,"footnotes":""},"categories":[16,19],"tags":[],"class_list":["post-2286","post","type-post","status-publish","format-standard","hentry","category-actu-pi","category-pour-les-eleves","nodate","item-wrap"],"yoast_head":"<!-- This site is optimized with the Yoast SEO plugin v25.8 - https:\/\/yoast.com\/wordpress\/plugins\/seo\/ -->\n<title>\u00ab Rentr\u00e9e pro. \u00bb pour les BTS Professions immobili\u00e8res ! - Lyc\u00e9e Polyvalent Raynouard<\/title>\n<meta name=\"robots\" content=\"index, follow, max-snippet:-1, max-image-preview:large, max-video-preview:-1\" \/>\n<link rel=\"canonical\" href=\"https:\/\/lycee-raynouard.fr\/index.php\/2018\/10\/02\/rentree-pro-pour-les-bts-professions-immobilieres\/\" \/>\n<meta property=\"og:locale\" content=\"fr_FR\" \/>\n<meta property=\"og:type\" content=\"article\" \/>\n<meta property=\"og:title\" content=\"\u00ab Rentr\u00e9e pro. \u00bb pour les BTS Professions immobili\u00e8res ! - Lyc\u00e9e Polyvalent Raynouard\" \/>\n<meta property=\"og:description\" content=\"&nbsp; Les mercredi 5 et jeudi 6 septembre ont \u00e9t\u00e9 pour les deux promotions de BTS professions immobili\u00e8res (BTS PI) l\u2019occasion d\u2019assister \u00e0 des interventions de diff\u00e9rents professionnels de l\u2019immobilier, le but \u00e9tant (pour les nouveaux \u00e9tudiants de 1\u00e8 ann\u00e9e) d\u2019entrer tr\u00e8s vite dans le vif du sujet gr\u00e2ce au contact avec des sp\u00e9cialistes de &hellip; Lire la suite\" \/>\n<meta property=\"og:url\" content=\"https:\/\/lycee-raynouard.fr\/index.php\/2018\/10\/02\/rentree-pro-pour-les-bts-professions-immobilieres\/\" \/>\n<meta property=\"og:site_name\" content=\"Lyc\u00e9e Polyvalent Raynouard\" \/>\n<meta property=\"article:published_time\" content=\"2018-10-02T20:33:46+00:00\" \/>\n<meta name=\"author\" content=\"adminray\" \/>\n<meta name=\"twitter:card\" content=\"summary_large_image\" \/>\n<meta name=\"twitter:label1\" content=\"\u00c9crit par\" \/>\n\t<meta name=\"twitter:data1\" content=\"adminray\" \/>\n\t<meta name=\"twitter:label2\" content=\"Dur\u00e9e de lecture estim\u00e9e\" \/>\n\t<meta name=\"twitter:data2\" content=\"2 minutes\" \/>\n<script type=\"application\/ld+json\" class=\"yoast-schema-graph\">{\"@context\":\"https:\/\/schema.org\",\"@graph\":[{\"@type\":\"WebPage\",\"@id\":\"https:\/\/lycee-raynouard.fr\/index.php\/2018\/10\/02\/rentree-pro-pour-les-bts-professions-immobilieres\/\",\"url\":\"https:\/\/lycee-raynouard.fr\/index.php\/2018\/10\/02\/rentree-pro-pour-les-bts-professions-immobilieres\/\",\"name\":\"\u00ab Rentr\u00e9e pro. \u00bb pour les BTS Professions immobili\u00e8res ! - Lyc\u00e9e Polyvalent Raynouard\",\"isPartOf\":{\"@id\":\"https:\/\/lycee-raynouard.fr\/#website\"},\"datePublished\":\"2018-10-02T20:33:46+00:00\",\"author\":{\"@id\":\"https:\/\/lycee-raynouard.fr\/#\/schema\/person\/0b52631ef5186097004d915e03e875b6\"},\"breadcrumb\":{\"@id\":\"https:\/\/lycee-raynouard.fr\/index.php\/2018\/10\/02\/rentree-pro-pour-les-bts-professions-immobilieres\/#breadcrumb\"},\"inLanguage\":\"fr-FR\",\"potentialAction\":[{\"@type\":\"ReadAction\",\"target\":[\"https:\/\/lycee-raynouard.fr\/index.php\/2018\/10\/02\/rentree-pro-pour-les-bts-professions-immobilieres\/\"]}]},{\"@type\":\"BreadcrumbList\",\"@id\":\"https:\/\/lycee-raynouard.fr\/index.php\/2018\/10\/02\/rentree-pro-pour-les-bts-professions-immobilieres\/#breadcrumb\",\"itemListElement\":[{\"@type\":\"ListItem\",\"position\":1,\"name\":\"Accueil\",\"item\":\"https:\/\/lycee-raynouard.fr\/\"},{\"@type\":\"ListItem\",\"position\":2,\"name\":\"\u00ab Rentr\u00e9e pro. \u00bb pour les BTS Professions immobili\u00e8res !\"}]},{\"@type\":\"WebSite\",\"@id\":\"https:\/\/lycee-raynouard.fr\/#website\",\"url\":\"https:\/\/lycee-raynouard.fr\/\",\"name\":\"Lyc\u00e9e Polyvalent Raynouard\",\"description\":\"Brignoles\",\"potentialAction\":[{\"@type\":\"SearchAction\",\"target\":{\"@type\":\"EntryPoint\",\"urlTemplate\":\"https:\/\/lycee-raynouard.fr\/?s={search_term_string}\"},\"query-input\":{\"@type\":\"PropertyValueSpecification\",\"valueRequired\":true,\"valueName\":\"search_term_string\"}}],\"inLanguage\":\"fr-FR\"},{\"@type\":\"Person\",\"@id\":\"https:\/\/lycee-raynouard.fr\/#\/schema\/person\/0b52631ef5186097004d915e03e875b6\",\"name\":\"adminray\",\"url\":\"https:\/\/lycee-raynouard.fr\/index.php\/author\/adminray\/\"}]}<\/script>\n<!-- \/ Yoast SEO plugin. -->","yoast_head_json":{"title":"\u00ab Rentr\u00e9e pro. \u00bb pour les BTS Professions immobili\u00e8res ! - Lyc\u00e9e Polyvalent Raynouard","robots":{"index":"index","follow":"follow","max-snippet":"max-snippet:-1","max-image-preview":"max-image-preview:large","max-video-preview":"max-video-preview:-1"},"canonical":"https:\/\/lycee-raynouard.fr\/index.php\/2018\/10\/02\/rentree-pro-pour-les-bts-professions-immobilieres\/","og_locale":"fr_FR","og_type":"article","og_title":"\u00ab Rentr\u00e9e pro. \u00bb pour les BTS Professions immobili\u00e8res ! - Lyc\u00e9e Polyvalent Raynouard","og_description":"&nbsp; Les mercredi 5 et jeudi 6 septembre ont \u00e9t\u00e9 pour les deux promotions de BTS professions immobili\u00e8res (BTS PI) l\u2019occasion d\u2019assister \u00e0 des interventions de diff\u00e9rents professionnels de l\u2019immobilier, le but \u00e9tant (pour les nouveaux \u00e9tudiants de 1\u00e8 ann\u00e9e) d\u2019entrer tr\u00e8s vite dans le vif du sujet gr\u00e2ce au contact avec des sp\u00e9cialistes de &hellip; Lire la suite","og_url":"https:\/\/lycee-raynouard.fr\/index.php\/2018\/10\/02\/rentree-pro-pour-les-bts-professions-immobilieres\/","og_site_name":"Lyc\u00e9e Polyvalent Raynouard","article_published_time":"2018-10-02T20:33:46+00:00","author":"adminray","twitter_card":"summary_large_image","twitter_misc":{"\u00c9crit par":"adminray","Dur\u00e9e de lecture estim\u00e9e":"2 minutes"},"schema":{"@context":"https:\/\/schema.org","@graph":[{"@type":"WebPage","@id":"https:\/\/lycee-raynouard.fr\/index.php\/2018\/10\/02\/rentree-pro-pour-les-bts-professions-immobilieres\/","url":"https:\/\/lycee-raynouard.fr\/index.php\/2018\/10\/02\/rentree-pro-pour-les-bts-professions-immobilieres\/","name":"\u00ab Rentr\u00e9e pro. \u00bb pour les BTS Professions immobili\u00e8res ! - Lyc\u00e9e Polyvalent Raynouard","isPartOf":{"@id":"https:\/\/lycee-raynouard.fr\/#website"},"datePublished":"2018-10-02T20:33:46+00:00","author":{"@id":"https:\/\/lycee-raynouard.fr\/#\/schema\/person\/0b52631ef5186097004d915e03e875b6"},"breadcrumb":{"@id":"https:\/\/lycee-raynouard.fr\/index.php\/2018\/10\/02\/rentree-pro-pour-les-bts-professions-immobilieres\/#breadcrumb"},"inLanguage":"fr-FR","potentialAction":[{"@type":"ReadAction","target":["https:\/\/lycee-raynouard.fr\/index.php\/2018\/10\/02\/rentree-pro-pour-les-bts-professions-immobilieres\/"]}]},{"@type":"BreadcrumbList","@id":"https:\/\/lycee-raynouard.fr\/index.php\/2018\/10\/02\/rentree-pro-pour-les-bts-professions-immobilieres\/#breadcrumb","itemListElement":[{"@type":"ListItem","position":1,"name":"Accueil","item":"https:\/\/lycee-raynouard.fr\/"},{"@type":"ListItem","position":2,"name":"\u00ab Rentr\u00e9e pro. \u00bb pour les BTS Professions immobili\u00e8res !"}]},{"@type":"WebSite","@id":"https:\/\/lycee-raynouard.fr\/#website","url":"https:\/\/lycee-raynouard.fr\/","name":"Lyc\u00e9e Polyvalent Raynouard","description":"Brignoles","potentialAction":[{"@type":"SearchAction","target":{"@type":"EntryPoint","urlTemplate":"https:\/\/lycee-raynouard.fr\/?s={search_term_string}"},"query-input":{"@type":"PropertyValueSpecification","valueRequired":true,"valueName":"search_term_string"}}],"inLanguage":"fr-FR"},{"@type":"Person","@id":"https:\/\/lycee-raynouard.fr\/#\/schema\/person\/0b52631ef5186097004d915e03e875b6","name":"adminray","url":"https:\/\/lycee-raynouard.fr\/index.php\/author\/adminray\/"}]}},"author_meta":{"display_name":"adminray","author_link":"https:\/\/lycee-raynouard.fr\/index.php\/author\/adminray\/"},"featured_img":null,"uagb_featured_image_src":{"full":false,"thumbnail":false,"medium":false,"medium_large":false,"large":false,"1536x1536":false,"2048x2048":false,"graphene_slider":false,"graphene_featured_image":false,"post-thumbnail":false,"mailpoet_newsletter_max":false},"uagb_author_info":{"display_name":"adminray","author_link":"https:\/\/lycee-raynouard.fr\/index.php\/author\/adminray\/"},"uagb_comment_info":0,"uagb_excerpt":"&nbsp; Les mercredi 5 et jeudi 6 septembre ont \u00e9t\u00e9 pour les deux promotions de BTS professions immobili\u00e8res (BTS PI) l\u2019occasion d\u2019assister \u00e0 des interventions de diff\u00e9rents professionnels de l\u2019immobilier, le but \u00e9tant (pour les nouveaux \u00e9tudiants de 1\u00e8 ann\u00e9e) d\u2019entrer tr\u00e8s vite dans le vif du sujet gr\u00e2ce au contact avec des sp\u00e9cialistes de\u2026","coauthors":[],"tax_additional":{"categories":{"linked":["<a href=\"https:\/\/lycee-raynouard.fr\/index.php\/category\/les-bts\/actu-pi\/\" class=\"advgb-post-tax-term\">les actualit\u00e9s en PI<\/a>","<a href=\"https:\/\/lycee-raynouard.fr\/index.php\/category\/pour-les-eleves\/\" class=\"advgb-post-tax-term\">Pour les \u00e9l\u00e8ves<\/a>"],"unlinked":["<span class=\"advgb-post-tax-term\">les actualit\u00e9s en PI<\/span>","<span class=\"advgb-post-tax-term\">Pour les \u00e9l\u00e8ves<\/span>"]}},"comment_count":"0","relative_dates":{"created":"Publi\u00e9 8 ans il y a","modified":"Mis \u00e0 jour 8 ans il y a"},"absolute_dates":{"created":"Publi\u00e9 le 2 octobre 2018","modified":"Mise \u00e0 jour le 2 octobre 2018"},"absolute_dates_time":{"created":"Publi\u00e9 le 2 octobre 2018 21 h 33 min","modified":"Mise \u00e0 jour le 2 octobre 2018 21 h 33 min"},"featured_img_caption":"","series_order":"","_links":{"self":[{"href":"https:\/\/lycee-raynouard.fr\/index.php\/wp-json\/wp\/v2\/posts\/2286","targetHints":{"allow":["GET"]}}],"collection":[{"href":"https:\/\/lycee-raynouard.fr\/index.php\/wp-json\/wp\/v2\/posts"}],"about":[{"href":"https:\/\/lycee-raynouard.fr\/index.php\/wp-json\/wp\/v2\/types\/post"}],"author":[{"embeddable":true,"href":"https:\/\/lycee-raynouard.fr\/index.php\/wp-json\/wp\/v2\/users\/1"}],"replies":[{"embeddable":true,"href":"https:\/\/lycee-raynouard.fr\/index.php\/wp-json\/wp\/v2\/comments?post=2286"}],"version-history":[{"count":0,"href":"https:\/\/lycee-raynouard.fr\/index.php\/wp-json\/wp\/v2\/posts\/2286\/revisions"}],"wp:attachment":[{"href":"https:\/\/lycee-raynouard.fr\/index.php\/wp-json\/wp\/v2\/media?parent=2286"}],"wp:term":[{"taxonomy":"category","embeddable":true,"href":"https:\/\/lycee-raynouard.fr\/index.php\/wp-json\/wp\/v2\/categories?post=2286"},{"taxonomy":"post_tag","embeddable":true,"href":"https:\/\/lycee-raynouard.fr\/index.php\/wp-json\/wp\/v2\/tags?post=2286"}],"curies":[{"name":"wp","href":"https:\/\/api.w.org\/{rel}","templated":true}]}}