{"id":2311,"date":"2018-11-09T09:49:03","date_gmt":"2018-11-09T08:49:03","guid":{"rendered":"http:\/\/www.lyc-raynouard.ac-nice.fr\/?p=2311"},"modified":"2019-04-25T10:15:54","modified_gmt":"2019-04-25T08:15:54","slug":"17-octobre-bts-professions-immobilieres-une-journee-a-toulon-bien-remplie","status":"publish","type":"post","link":"https:\/\/lycee-raynouard.fr\/index.php\/2018\/11\/09\/17-octobre-bts-professions-immobilieres-une-journee-a-toulon-bien-remplie\/","title":{"rendered":"17 octobre : BTS professions immobili\u00e8res : une journ\u00e9e \u00e0 Toulon bien remplie !"},"content":{"rendered":"<p><a href=\"http:\/\/www.lyc-raynouard.ac-nice.fr\/wp-content\/uploads\/sites\/34\/2018\/11\/Capture-image-Toulon.png\"><img loading=\"lazy\" decoding=\"async\" class=\"alignleft wp-image-2315 \" src=\"https:\/\/lycee-raynouard.fr\/wp-content\/uploads\/2018\/11\/Capture-image-Toulon-300x185.png\" alt=\"\" width=\"278\" height=\"172\" srcset=\"https:\/\/lycee-raynouard.fr\/wp-content\/uploads\/2018\/11\/Capture-image-Toulon-300x185.png 300w, https:\/\/lycee-raynouard.fr\/wp-content\/uploads\/2018\/11\/Capture-image-Toulon.png 607w\" sizes=\"auto, (max-width: 278px) 100vw, 278px\" \/><\/a>La journ\u00e9e a commenc\u00e9 au si\u00e8ge de Var Habitat o\u00f9 nous avons \u00e9t\u00e9 chaleureusement accueillis autour d\u2019un petit d\u00e9jeuner de bienvenue ; apr\u00e8s avoir \u00e9t\u00e9 salu\u00e9s par Monsieur Martial Aubry, directeur g\u00e9n\u00e9ral, nous avons assist\u00e9 \u00e0 une pr\u00e9sentation tr\u00e8s concr\u00e8te des activit\u00e9s de gestion locative du bailleur social.<\/p>\n<p><!--more--><\/p>\n<p>Notre parrain Monsieur Denis nous a ensuite accompagn\u00e9s dans l\u2019\u00e9coquartier <a href=\"http:\/\/www.lyc-raynouard.ac-nice.fr\/wp-content\/uploads\/sites\/34\/2018\/11\/Capture-var-habitat-1.jpg\"><img loading=\"lazy\" decoding=\"async\" class=\"alignright wp-image-2304 \" src=\"https:\/\/lycee-raynouard.fr\/wp-content\/uploads\/2018\/11\/Capture-var-habitat-1-300x129.jpg\" alt=\"\" width=\"298\" height=\"128\" srcset=\"https:\/\/lycee-raynouard.fr\/wp-content\/uploads\/2018\/11\/Capture-var-habitat-1-300x129.jpg 300w, https:\/\/lycee-raynouard.fr\/wp-content\/uploads\/2018\/11\/Capture-var-habitat-1-768x330.jpg 768w, https:\/\/lycee-raynouard.fr\/wp-content\/uploads\/2018\/11\/Capture-var-habitat-1.jpg 900w\" sizes=\"auto, (max-width: 298px) 100vw, 298px\" \/><\/a>de Font-Pr\u00e9 o\u00f9 un responsable de commercialisation de Bouygues Immobilier a d\u00e9velopp\u00e9 devant nous les axes qui ont anim\u00e9 la conception et la r\u00e9alisation du 1er \u00e9co-quartier toulonnais, confi\u00e9 au promoteur laur\u00e9at du projet ; l\u2019int\u00e9r\u00eat \u00e9tait aussi de cerner l\u2019\u00e9volution dans la dur\u00e9e de ces principes \u00e0 travers la vie au quotidien de l\u2019\u00e9co-quartier en 2018 et au-del\u00e0.<\/p>\n<p><a href=\"http:\/\/www.lyc-raynouard.ac-nice.fr\/wp-content\/uploads\/sites\/34\/2018\/11\/Capture-e1541752900777.jpg\"><img loading=\"lazy\" decoding=\"async\" class=\"size-medium wp-image-2302 aligncenter\" src=\"http:\/\/www.lyc-raynouard.ac-nice.fr\/wp-content\/uploads\/sites\/34\/2018\/11\/Capture-e1541752900777-300x217.jpg\" alt=\"\" width=\"300\" height=\"217\" srcset=\"https:\/\/lycee-raynouard.fr\/wp-content\/uploads\/2018\/11\/Capture-e1541752900777-300x217.jpg 300w, https:\/\/lycee-raynouard.fr\/wp-content\/uploads\/2018\/11\/Capture-e1541752900777.jpg 658w\" sizes=\"auto, (max-width: 300px) 100vw, 300px\" \/><\/a><\/p>\n<p>L\u2019apr\u00e8s-midi a \u00e9t\u00e9 consacr\u00e9 \u00e0 une visite du centre ancien, qui nous a permis d\u2019appr\u00e9hender l\u2019ampleur du programme de r\u00e9novation mis au point par L\u2019ANRU (Agence nationale pour la r\u00e9novation urbaine), en lien avec le th\u00e8me d\u2019\u00e9tude de la nouvelle promotion \u00ab Centre-villes et immobilier \u00bb ; un parcours qui a \u00e9t\u00e9 l\u2019occasion de constater la transformation radicale de ce quartier ainsi que les enjeux de la r\u00e9novation dans la pr\u00e9servation du patrimoine architectural et du centre-ville comme lieu de vie sociale, culturelle et commerciale.<\/p>\n<p><a href=\"http:\/\/www.lyc-raynouard.ac-nice.fr\/wp-content\/uploads\/sites\/34\/2018\/11\/Capture-centre-ancien.jpg\"><img loading=\"lazy\" decoding=\"async\" class=\"wp-image-2303 alignleft\" src=\"http:\/\/www.lyc-raynouard.ac-nice.fr\/wp-content\/uploads\/sites\/34\/2018\/11\/Capture-centre-ancien-281x300.jpg\" alt=\"\" width=\"183\" height=\"195\" srcset=\"https:\/\/lycee-raynouard.fr\/wp-content\/uploads\/2018\/11\/Capture-centre-ancien-281x300.jpg 281w, https:\/\/lycee-raynouard.fr\/wp-content\/uploads\/2018\/11\/Capture-centre-ancien.jpg 348w\" sizes=\"auto, (max-width: 183px) 100vw, 183px\" \/><\/a>A la fin de notre visite, nous avons \u00e9t\u00e9 accueillis dans les locaux de l\u2019ANRU situ\u00e9s au c\u0153ur du Port des cr\u00e9ateurs, o\u00f9 nous ont \u00e9t\u00e9 expliqu\u00e9 les diff\u00e9rents aspects de la Convention Toulon Centre Ancien et les r\u00e9alisations pass\u00e9es et \u00e0 venir dans le cadre de ce programme, initi\u00e9 en 2006 pour se poursuivre jusqu\u2019en 2021<\/p>\n<p>&nbsp;<\/p>\n<p>Nous remercions tous les intervenants rencontr\u00e9s, qui ont eu \u00e0 c\u0153ur de nous faire partager leur passion de l\u2019immobilier et du logement, et aussi particuli\u00e8rement Var Habitat et notre parrain Monsieur Laurent Denis pour son implication \u00e0 nos c\u00f4t\u00e9s.<\/p>\n","protected":false},"excerpt":{"rendered":"<p>La journ\u00e9e a commenc\u00e9 au si\u00e8ge de Var Habitat o\u00f9 nous avons \u00e9t\u00e9 chaleureusement accueillis autour d\u2019un petit d\u00e9jeuner de bienvenue ; apr\u00e8s avoir \u00e9t\u00e9 salu\u00e9s par Monsieur Martial Aubry, directeur g\u00e9n\u00e9ral, nous avons assist\u00e9 \u00e0 une pr\u00e9sentation tr\u00e8s concr\u00e8te des activit\u00e9s de gestion locative du bailleur social.<\/p><p><a class=\"more-link btn\" href=\"https:\/\/lycee-raynouard.fr\/index.php\/2018\/11\/09\/17-octobre-bts-professions-immobilieres-une-journee-a-toulon-bien-remplie\/\">Lire la suite<\/a><\/p>\n","protected":false},"author":4,"featured_media":2315,"comment_status":"closed","ping_status":"closed","sticky":false,"template":"","format":"standard","meta":{"_uag_custom_page_level_css":"","advgb_blocks_editor_width":"","advgb_blocks_columns_visual_guide":"","ngg_post_thumbnail":0,"footnotes":""},"categories":[21,16,1,19],"tags":[],"class_list":["post-2311","post","type-post","status-publish","format-standard","has-post-thumbnail","hentry","category-actualites","category-actu-pi","category-non-classe","category-pour-les-eleves","nodate","item-wrap"],"yoast_head":"<!-- This site is optimized with the Yoast SEO plugin v25.8 - https:\/\/yoast.com\/wordpress\/plugins\/seo\/ -->\n<title>17 octobre : BTS professions immobili\u00e8res : une journ\u00e9e \u00e0 Toulon bien remplie ! - Lyc\u00e9e Polyvalent Raynouard<\/title>\n<meta name=\"robots\" content=\"index, follow, max-snippet:-1, max-image-preview:large, max-video-preview:-1\" \/>\n<link rel=\"canonical\" href=\"https:\/\/lycee-raynouard.fr\/index.php\/2018\/11\/09\/17-octobre-bts-professions-immobilieres-une-journee-a-toulon-bien-remplie\/\" \/>\n<meta property=\"og:locale\" content=\"fr_FR\" \/>\n<meta property=\"og:type\" content=\"article\" \/>\n<meta property=\"og:title\" content=\"17 octobre : BTS professions immobili\u00e8res : une journ\u00e9e \u00e0 Toulon bien remplie ! - Lyc\u00e9e Polyvalent Raynouard\" \/>\n<meta property=\"og:description\" content=\"La journ\u00e9e a commenc\u00e9 au si\u00e8ge de Var Habitat o\u00f9 nous avons \u00e9t\u00e9 chaleureusement accueillis autour d\u2019un petit d\u00e9jeuner de bienvenue ; apr\u00e8s avoir \u00e9t\u00e9 salu\u00e9s par Monsieur Martial Aubry, directeur g\u00e9n\u00e9ral, nous avons assist\u00e9 \u00e0 une pr\u00e9sentation tr\u00e8s concr\u00e8te des activit\u00e9s de gestion locative du bailleur social.\" \/>\n<meta property=\"og:url\" content=\"https:\/\/lycee-raynouard.fr\/index.php\/2018\/11\/09\/17-octobre-bts-professions-immobilieres-une-journee-a-toulon-bien-remplie\/\" \/>\n<meta property=\"og:site_name\" content=\"Lyc\u00e9e Polyvalent Raynouard\" \/>\n<meta property=\"article:published_time\" content=\"2018-11-09T08:49:03+00:00\" \/>\n<meta property=\"article:modified_time\" content=\"2019-04-25T08:15:54+00:00\" \/>\n<meta property=\"og:image\" content=\"https:\/\/lycee-raynouard.fr\/wp-content\/uploads\/2018\/11\/Capture-image-Toulon.png\" \/>\n\t<meta property=\"og:image:width\" content=\"607\" \/>\n\t<meta property=\"og:image:height\" content=\"374\" \/>\n\t<meta property=\"og:image:type\" content=\"image\/png\" \/>\n<meta name=\"author\" content=\"geneachille\" \/>\n<meta name=\"twitter:card\" content=\"summary_large_image\" \/>\n<meta name=\"twitter:label1\" content=\"\u00c9crit par\" \/>\n\t<meta name=\"twitter:data1\" content=\"geneachille\" \/>\n\t<meta name=\"twitter:label2\" content=\"Dur\u00e9e de lecture estim\u00e9e\" \/>\n\t<meta name=\"twitter:data2\" content=\"2 minutes\" \/>\n<script type=\"application\/ld+json\" class=\"yoast-schema-graph\">{\"@context\":\"https:\/\/schema.org\",\"@graph\":[{\"@type\":\"WebPage\",\"@id\":\"https:\/\/lycee-raynouard.fr\/index.php\/2018\/11\/09\/17-octobre-bts-professions-immobilieres-une-journee-a-toulon-bien-remplie\/\",\"url\":\"https:\/\/lycee-raynouard.fr\/index.php\/2018\/11\/09\/17-octobre-bts-professions-immobilieres-une-journee-a-toulon-bien-remplie\/\",\"name\":\"17 octobre : BTS professions immobili\u00e8res : une journ\u00e9e \u00e0 Toulon bien remplie ! - Lyc\u00e9e Polyvalent Raynouard\",\"isPartOf\":{\"@id\":\"https:\/\/lycee-raynouard.fr\/#website\"},\"primaryImageOfPage\":{\"@id\":\"https:\/\/lycee-raynouard.fr\/index.php\/2018\/11\/09\/17-octobre-bts-professions-immobilieres-une-journee-a-toulon-bien-remplie\/#primaryimage\"},\"image\":{\"@id\":\"https:\/\/lycee-raynouard.fr\/index.php\/2018\/11\/09\/17-octobre-bts-professions-immobilieres-une-journee-a-toulon-bien-remplie\/#primaryimage\"},\"thumbnailUrl\":\"https:\/\/lycee-raynouard.fr\/wp-content\/uploads\/2018\/11\/Capture-image-Toulon.png\",\"datePublished\":\"2018-11-09T08:49:03+00:00\",\"dateModified\":\"2019-04-25T08:15:54+00:00\",\"author\":{\"@id\":\"https:\/\/lycee-raynouard.fr\/#\/schema\/person\/10d0697f36a5b856076ff96d1fc67818\"},\"breadcrumb\":{\"@id\":\"https:\/\/lycee-raynouard.fr\/index.php\/2018\/11\/09\/17-octobre-bts-professions-immobilieres-une-journee-a-toulon-bien-remplie\/#breadcrumb\"},\"inLanguage\":\"fr-FR\",\"potentialAction\":[{\"@type\":\"ReadAction\",\"target\":[\"https:\/\/lycee-raynouard.fr\/index.php\/2018\/11\/09\/17-octobre-bts-professions-immobilieres-une-journee-a-toulon-bien-remplie\/\"]}]},{\"@type\":\"ImageObject\",\"inLanguage\":\"fr-FR\",\"@id\":\"https:\/\/lycee-raynouard.fr\/index.php\/2018\/11\/09\/17-octobre-bts-professions-immobilieres-une-journee-a-toulon-bien-remplie\/#primaryimage\",\"url\":\"https:\/\/lycee-raynouard.fr\/wp-content\/uploads\/2018\/11\/Capture-image-Toulon.png\",\"contentUrl\":\"https:\/\/lycee-raynouard.fr\/wp-content\/uploads\/2018\/11\/Capture-image-Toulon.png\",\"width\":607,\"height\":374},{\"@type\":\"BreadcrumbList\",\"@id\":\"https:\/\/lycee-raynouard.fr\/index.php\/2018\/11\/09\/17-octobre-bts-professions-immobilieres-une-journee-a-toulon-bien-remplie\/#breadcrumb\",\"itemListElement\":[{\"@type\":\"ListItem\",\"position\":1,\"name\":\"Accueil\",\"item\":\"https:\/\/lycee-raynouard.fr\/\"},{\"@type\":\"ListItem\",\"position\":2,\"name\":\"17 octobre : BTS professions immobili\u00e8res : une journ\u00e9e \u00e0 Toulon bien remplie !\"}]},{\"@type\":\"WebSite\",\"@id\":\"https:\/\/lycee-raynouard.fr\/#website\",\"url\":\"https:\/\/lycee-raynouard.fr\/\",\"name\":\"Lyc\u00e9e Polyvalent Raynouard\",\"description\":\"Brignoles\",\"potentialAction\":[{\"@type\":\"SearchAction\",\"target\":{\"@type\":\"EntryPoint\",\"urlTemplate\":\"https:\/\/lycee-raynouard.fr\/?s={search_term_string}\"},\"query-input\":{\"@type\":\"PropertyValueSpecification\",\"valueRequired\":true,\"valueName\":\"search_term_string\"}}],\"inLanguage\":\"fr-FR\"},{\"@type\":\"Person\",\"@id\":\"https:\/\/lycee-raynouard.fr\/#\/schema\/person\/10d0697f36a5b856076ff96d1fc67818\",\"name\":\"geneachille\",\"url\":\"https:\/\/lycee-raynouard.fr\/index.php\/author\/geneachille\/\"}]}<\/script>\n<!-- \/ Yoast SEO plugin. -->","yoast_head_json":{"title":"17 octobre : BTS professions immobili\u00e8res : une journ\u00e9e \u00e0 Toulon bien remplie ! - Lyc\u00e9e Polyvalent Raynouard","robots":{"index":"index","follow":"follow","max-snippet":"max-snippet:-1","max-image-preview":"max-image-preview:large","max-video-preview":"max-video-preview:-1"},"canonical":"https:\/\/lycee-raynouard.fr\/index.php\/2018\/11\/09\/17-octobre-bts-professions-immobilieres-une-journee-a-toulon-bien-remplie\/","og_locale":"fr_FR","og_type":"article","og_title":"17 octobre : BTS professions immobili\u00e8res : une journ\u00e9e \u00e0 Toulon bien remplie ! - Lyc\u00e9e Polyvalent Raynouard","og_description":"La journ\u00e9e a commenc\u00e9 au si\u00e8ge de Var Habitat o\u00f9 nous avons \u00e9t\u00e9 chaleureusement accueillis autour d\u2019un petit d\u00e9jeuner de bienvenue ; apr\u00e8s avoir \u00e9t\u00e9 salu\u00e9s par Monsieur Martial Aubry, directeur g\u00e9n\u00e9ral, nous avons assist\u00e9 \u00e0 une pr\u00e9sentation tr\u00e8s concr\u00e8te des activit\u00e9s de gestion locative du bailleur social.","og_url":"https:\/\/lycee-raynouard.fr\/index.php\/2018\/11\/09\/17-octobre-bts-professions-immobilieres-une-journee-a-toulon-bien-remplie\/","og_site_name":"Lyc\u00e9e Polyvalent Raynouard","article_published_time":"2018-11-09T08:49:03+00:00","article_modified_time":"2019-04-25T08:15:54+00:00","og_image":[{"width":607,"height":374,"url":"https:\/\/lycee-raynouard.fr\/wp-content\/uploads\/2018\/11\/Capture-image-Toulon.png","type":"image\/png"}],"author":"geneachille","twitter_card":"summary_large_image","twitter_misc":{"\u00c9crit par":"geneachille","Dur\u00e9e de lecture estim\u00e9e":"2 minutes"},"schema":{"@context":"https:\/\/schema.org","@graph":[{"@type":"WebPage","@id":"https:\/\/lycee-raynouard.fr\/index.php\/2018\/11\/09\/17-octobre-bts-professions-immobilieres-une-journee-a-toulon-bien-remplie\/","url":"https:\/\/lycee-raynouard.fr\/index.php\/2018\/11\/09\/17-octobre-bts-professions-immobilieres-une-journee-a-toulon-bien-remplie\/","name":"17 octobre : BTS professions immobili\u00e8res : une journ\u00e9e \u00e0 Toulon bien remplie ! - Lyc\u00e9e Polyvalent Raynouard","isPartOf":{"@id":"https:\/\/lycee-raynouard.fr\/#website"},"primaryImageOfPage":{"@id":"https:\/\/lycee-raynouard.fr\/index.php\/2018\/11\/09\/17-octobre-bts-professions-immobilieres-une-journee-a-toulon-bien-remplie\/#primaryimage"},"image":{"@id":"https:\/\/lycee-raynouard.fr\/index.php\/2018\/11\/09\/17-octobre-bts-professions-immobilieres-une-journee-a-toulon-bien-remplie\/#primaryimage"},"thumbnailUrl":"https:\/\/lycee-raynouard.fr\/wp-content\/uploads\/2018\/11\/Capture-image-Toulon.png","datePublished":"2018-11-09T08:49:03+00:00","dateModified":"2019-04-25T08:15:54+00:00","author":{"@id":"https:\/\/lycee-raynouard.fr\/#\/schema\/person\/10d0697f36a5b856076ff96d1fc67818"},"breadcrumb":{"@id":"https:\/\/lycee-raynouard.fr\/index.php\/2018\/11\/09\/17-octobre-bts-professions-immobilieres-une-journee-a-toulon-bien-remplie\/#breadcrumb"},"inLanguage":"fr-FR","potentialAction":[{"@type":"ReadAction","target":["https:\/\/lycee-raynouard.fr\/index.php\/2018\/11\/09\/17-octobre-bts-professions-immobilieres-une-journee-a-toulon-bien-remplie\/"]}]},{"@type":"ImageObject","inLanguage":"fr-FR","@id":"https:\/\/lycee-raynouard.fr\/index.php\/2018\/11\/09\/17-octobre-bts-professions-immobilieres-une-journee-a-toulon-bien-remplie\/#primaryimage","url":"https:\/\/lycee-raynouard.fr\/wp-content\/uploads\/2018\/11\/Capture-image-Toulon.png","contentUrl":"https:\/\/lycee-raynouard.fr\/wp-content\/uploads\/2018\/11\/Capture-image-Toulon.png","width":607,"height":374},{"@type":"BreadcrumbList","@id":"https:\/\/lycee-raynouard.fr\/index.php\/2018\/11\/09\/17-octobre-bts-professions-immobilieres-une-journee-a-toulon-bien-remplie\/#breadcrumb","itemListElement":[{"@type":"ListItem","position":1,"name":"Accueil","item":"https:\/\/lycee-raynouard.fr\/"},{"@type":"ListItem","position":2,"name":"17 octobre : BTS professions immobili\u00e8res : une journ\u00e9e \u00e0 Toulon bien remplie !"}]},{"@type":"WebSite","@id":"https:\/\/lycee-raynouard.fr\/#website","url":"https:\/\/lycee-raynouard.fr\/","name":"Lyc\u00e9e Polyvalent Raynouard","description":"Brignoles","potentialAction":[{"@type":"SearchAction","target":{"@type":"EntryPoint","urlTemplate":"https:\/\/lycee-raynouard.fr\/?s={search_term_string}"},"query-input":{"@type":"PropertyValueSpecification","valueRequired":true,"valueName":"search_term_string"}}],"inLanguage":"fr-FR"},{"@type":"Person","@id":"https:\/\/lycee-raynouard.fr\/#\/schema\/person\/10d0697f36a5b856076ff96d1fc67818","name":"geneachille","url":"https:\/\/lycee-raynouard.fr\/index.php\/author\/geneachille\/"}]}},"author_meta":{"display_name":"geneachille","author_link":"https:\/\/lycee-raynouard.fr\/index.php\/author\/geneachille\/"},"featured_img":"https:\/\/lycee-raynouard.fr\/wp-content\/uploads\/2018\/11\/Capture-image-Toulon-300x185.png","uagb_featured_image_src":{"full":["https:\/\/lycee-raynouard.fr\/wp-content\/uploads\/2018\/11\/Capture-image-Toulon.png",607,374,false],"thumbnail":["https:\/\/lycee-raynouard.fr\/wp-content\/uploads\/2018\/11\/Capture-image-Toulon-150x150.png",150,150,true],"medium":["https:\/\/lycee-raynouard.fr\/wp-content\/uploads\/2018\/11\/Capture-image-Toulon-300x185.png",300,185,true],"medium_large":["https:\/\/lycee-raynouard.fr\/wp-content\/uploads\/2018\/11\/Capture-image-Toulon.png",607,374,false],"large":["https:\/\/lycee-raynouard.fr\/wp-content\/uploads\/2018\/11\/Capture-image-Toulon.png",607,374,false],"1536x1536":["https:\/\/lycee-raynouard.fr\/wp-content\/uploads\/2018\/11\/Capture-image-Toulon.png",607,374,false],"2048x2048":["https:\/\/lycee-raynouard.fr\/wp-content\/uploads\/2018\/11\/Capture-image-Toulon.png",607,374,false],"graphene_slider":["https:\/\/lycee-raynouard.fr\/wp-content\/uploads\/2018\/11\/Capture-image-Toulon.png",406,250,false],"graphene_featured_image":["https:\/\/lycee-raynouard.fr\/wp-content\/uploads\/2018\/11\/Capture-image-Toulon.png",607,374,false],"post-thumbnail":["https:\/\/lycee-raynouard.fr\/wp-content\/uploads\/2018\/11\/Capture-image-Toulon.png",406,250,false],"mailpoet_newsletter_max":["https:\/\/lycee-raynouard.fr\/wp-content\/uploads\/2018\/11\/Capture-image-Toulon.png",607,374,false]},"uagb_author_info":{"display_name":"geneachille","author_link":"https:\/\/lycee-raynouard.fr\/index.php\/author\/geneachille\/"},"uagb_comment_info":0,"uagb_excerpt":"La journ\u00e9e a commenc\u00e9 au si\u00e8ge de Var Habitat o\u00f9 nous avons \u00e9t\u00e9 chaleureusement accueillis autour d\u2019un petit d\u00e9jeuner de bienvenue ; apr\u00e8s avoir \u00e9t\u00e9 salu\u00e9s par Monsieur Martial Aubry, directeur g\u00e9n\u00e9ral, nous avons assist\u00e9 \u00e0 une pr\u00e9sentation tr\u00e8s concr\u00e8te des activit\u00e9s de gestion locative du bailleur social.","coauthors":[],"tax_additional":{"categories":{"linked":["<a href=\"https:\/\/lycee-raynouard.fr\/index.php\/category\/actualites\/\" class=\"advgb-post-tax-term\">Actualit\u00e9s<\/a>","<a href=\"https:\/\/lycee-raynouard.fr\/index.php\/category\/les-bts\/actu-pi\/\" class=\"advgb-post-tax-term\">les actualit\u00e9s en PI<\/a>","<a href=\"https:\/\/lycee-raynouard.fr\/index.php\/category\/non-classe\/\" class=\"advgb-post-tax-term\">Non class\u00e9<\/a>","<a href=\"https:\/\/lycee-raynouard.fr\/index.php\/category\/pour-les-eleves\/\" class=\"advgb-post-tax-term\">Pour les \u00e9l\u00e8ves<\/a>"],"unlinked":["<span class=\"advgb-post-tax-term\">Actualit\u00e9s<\/span>","<span class=\"advgb-post-tax-term\">les actualit\u00e9s en PI<\/span>","<span class=\"advgb-post-tax-term\">Non class\u00e9<\/span>","<span class=\"advgb-post-tax-term\">Pour les \u00e9l\u00e8ves<\/span>"]}},"comment_count":"0","relative_dates":{"created":"Publi\u00e9 7 ans il y a","modified":"Mis \u00e0 jour 7 ans il y a"},"absolute_dates":{"created":"Publi\u00e9 le 9 novembre 2018","modified":"Mise \u00e0 jour le 25 avril 2019"},"absolute_dates_time":{"created":"Publi\u00e9 le 9 novembre 2018 9 h 49 min","modified":"Mise \u00e0 jour le 25 avril 2019 10 h 15 min"},"featured_img_caption":"","series_order":"","_links":{"self":[{"href":"https:\/\/lycee-raynouard.fr\/index.php\/wp-json\/wp\/v2\/posts\/2311","targetHints":{"allow":["GET"]}}],"collection":[{"href":"https:\/\/lycee-raynouard.fr\/index.php\/wp-json\/wp\/v2\/posts"}],"about":[{"href":"https:\/\/lycee-raynouard.fr\/index.php\/wp-json\/wp\/v2\/types\/post"}],"author":[{"embeddable":true,"href":"https:\/\/lycee-raynouard.fr\/index.php\/wp-json\/wp\/v2\/users\/4"}],"replies":[{"embeddable":true,"href":"https:\/\/lycee-raynouard.fr\/index.php\/wp-json\/wp\/v2\/comments?post=2311"}],"version-history":[{"count":4,"href":"https:\/\/lycee-raynouard.fr\/index.php\/wp-json\/wp\/v2\/posts\/2311\/revisions"}],"predecessor-version":[{"id":2445,"href":"https:\/\/lycee-raynouard.fr\/index.php\/wp-json\/wp\/v2\/posts\/2311\/revisions\/2445"}],"wp:featuredmedia":[{"embeddable":true,"href":"https:\/\/lycee-raynouard.fr\/index.php\/wp-json\/wp\/v2\/media\/2315"}],"wp:attachment":[{"href":"https:\/\/lycee-raynouard.fr\/index.php\/wp-json\/wp\/v2\/media?parent=2311"}],"wp:term":[{"taxonomy":"category","embeddable":true,"href":"https:\/\/lycee-raynouard.fr\/index.php\/wp-json\/wp\/v2\/categories?post=2311"},{"taxonomy":"post_tag","embeddable":true,"href":"https:\/\/lycee-raynouard.fr\/index.php\/wp-json\/wp\/v2\/tags?post=2311"}],"curies":[{"name":"wp","href":"https:\/\/api.w.org\/{rel}","templated":true}]}}