{"id":2319,"date":"2018-11-20T22:27:41","date_gmt":"2018-11-20T21:27:41","guid":{"rendered":"http:\/\/www.lyc-raynouard.ac-nice.fr\/?p=2319"},"modified":"2018-11-20T22:27:41","modified_gmt":"2018-11-20T21:27:41","slug":"rencontre-avec-charlotte-pringuey-cessac","status":"publish","type":"post","link":"https:\/\/lycee-raynouard.fr\/index.php\/2018\/11\/20\/rencontre-avec-charlotte-pringuey-cessac\/","title":{"rendered":"Rencontre avec Charlotte Pringuey-Cessac"},"content":{"rendered":"<p>Les Premi\u00e8res Sp\u00e9cialit\u00e9 Arts Plastiques ont eu le plaisir de se joindre \u00e0 <strong>Raydio<\/strong>, la Webradio du lyc\u00e9e Raynouard pour rencontrer une artiste en r\u00e9sidence au Centre d&rsquo;art de Ch\u00e2teauvert. <!--more-->Ainsi Charlotte Pringuey-Cessac nous a chaleureusement accueilli pour exp\u00e9rimenter les processus de cr\u00e9ation de son \u0153uvre r\u00e9cente. Les \u00e9l\u00e8ves ont donc pleinement contribu\u00e9 \u00e0 la r\u00e9alisation de la pi\u00e8ce <strong>Infra<\/strong> r\u00e9alis\u00e9e in situ ; cette \u0153uvre est le fruit d&rsquo;une r\u00e9flexion autour de <em>l&rsquo;arch\u00e9ologie du corps, ou comment les gestes b\u00e2tissent<\/em>.<\/p>\n<p>Apr\u00e8s une matin\u00e9e de d\u00e9couverte et de fa\u00e7onnage, l&rsquo;enregistrement de l&rsquo;\u00e9mission radiophonique a permis de partager les r\u00e9flexions g\u00e9n\u00e9rales de l&rsquo;artiste sur son travail, le r\u00f4le de l&rsquo;artiste ou de l&rsquo;art en g\u00e9n\u00e9ral.<\/p>\n<p>Retrouvez l&rsquo;\u00e9mission Raydio : <a href=\"https:\/\/webmedias.ac-nice.fr\/raydio\/2018\/11\/10\/reportcac\/\">ICI<\/a><\/p>\n<p><a href=\"http:\/\/www.lyc-raynouard.ac-nice.fr\/wp-content\/uploads\/sites\/34\/2018\/11\/Ch\u00e2teauvert-1.jpg\"><img loading=\"lazy\" decoding=\"async\" class=\"alignnone wp-image-2321\" src=\"http:\/\/www.lyc-raynouard.ac-nice.fr\/wp-content\/uploads\/sites\/34\/2018\/11\/Ch\u00e2teauvert-1-300x225.jpg\" alt=\"\" width=\"133\" height=\"100\" srcset=\"https:\/\/lycee-raynouard.fr\/wp-content\/uploads\/2018\/11\/Ch\u00e2teauvert-1-300x225.jpg 300w, https:\/\/lycee-raynouard.fr\/wp-content\/uploads\/2018\/11\/Ch\u00e2teauvert-1-768x576.jpg 768w, https:\/\/lycee-raynouard.fr\/wp-content\/uploads\/2018\/11\/Ch\u00e2teauvert-1.jpg 819w\" sizes=\"auto, (max-width: 133px) 100vw, 133px\" \/><\/a> <a href=\"http:\/\/www.lyc-raynouard.ac-nice.fr\/wp-content\/uploads\/sites\/34\/2018\/11\/Ch\u00e2teauvert-2.jpg\"><img loading=\"lazy\" decoding=\"async\" class=\"alignnone wp-image-2322\" src=\"http:\/\/www.lyc-raynouard.ac-nice.fr\/wp-content\/uploads\/sites\/34\/2018\/11\/Ch\u00e2teauvert-2-300x225.jpg\" alt=\"\" width=\"133\" height=\"100\" srcset=\"https:\/\/lycee-raynouard.fr\/wp-content\/uploads\/2018\/11\/Ch\u00e2teauvert-2-300x225.jpg 300w, https:\/\/lycee-raynouard.fr\/wp-content\/uploads\/2018\/11\/Ch\u00e2teauvert-2-768x576.jpg 768w, https:\/\/lycee-raynouard.fr\/wp-content\/uploads\/2018\/11\/Ch\u00e2teauvert-2.jpg 819w\" sizes=\"auto, (max-width: 133px) 100vw, 133px\" \/><\/a> <a href=\"http:\/\/www.lyc-raynouard.ac-nice.fr\/wp-content\/uploads\/sites\/34\/2018\/11\/Ch\u00e2teauvert-3.jpg\"><img loading=\"lazy\" decoding=\"async\" class=\"alignnone wp-image-2323\" src=\"http:\/\/www.lyc-raynouard.ac-nice.fr\/wp-content\/uploads\/sites\/34\/2018\/11\/Ch\u00e2teauvert-3-300x225.jpg\" alt=\"\" width=\"133\" height=\"100\" srcset=\"https:\/\/lycee-raynouard.fr\/wp-content\/uploads\/2018\/11\/Ch\u00e2teauvert-3-300x225.jpg 300w, https:\/\/lycee-raynouard.fr\/wp-content\/uploads\/2018\/11\/Ch\u00e2teauvert-3-768x576.jpg 768w, https:\/\/lycee-raynouard.fr\/wp-content\/uploads\/2018\/11\/Ch\u00e2teauvert-3.jpg 819w\" sizes=\"auto, (max-width: 133px) 100vw, 133px\" \/><\/a> <a href=\"http:\/\/www.lyc-raynouard.ac-nice.fr\/wp-content\/uploads\/sites\/34\/2018\/11\/Ch\u00e2teauvert-4.jpg\"><img loading=\"lazy\" decoding=\"async\" class=\"alignnone wp-image-2324\" src=\"http:\/\/www.lyc-raynouard.ac-nice.fr\/wp-content\/uploads\/sites\/34\/2018\/11\/Ch\u00e2teauvert-4-300x225.jpg\" alt=\"\" width=\"133\" height=\"100\" srcset=\"https:\/\/lycee-raynouard.fr\/wp-content\/uploads\/2018\/11\/Ch\u00e2teauvert-4-300x225.jpg 300w, https:\/\/lycee-raynouard.fr\/wp-content\/uploads\/2018\/11\/Ch\u00e2teauvert-4-768x576.jpg 768w, https:\/\/lycee-raynouard.fr\/wp-content\/uploads\/2018\/11\/Ch\u00e2teauvert-4.jpg 819w\" sizes=\"auto, (max-width: 133px) 100vw, 133px\" \/><\/a> <a href=\"http:\/\/www.lyc-raynouard.ac-nice.fr\/wp-content\/uploads\/sites\/34\/2018\/11\/Ch\u00e2teauvert-5.jpg\"><img loading=\"lazy\" decoding=\"async\" class=\"alignnone wp-image-2325\" src=\"http:\/\/www.lyc-raynouard.ac-nice.fr\/wp-content\/uploads\/sites\/34\/2018\/11\/Ch\u00e2teauvert-5-300x225.jpg\" alt=\"\" width=\"133\" height=\"100\" srcset=\"https:\/\/lycee-raynouard.fr\/wp-content\/uploads\/2018\/11\/Ch\u00e2teauvert-5-300x225.jpg 300w, https:\/\/lycee-raynouard.fr\/wp-content\/uploads\/2018\/11\/Ch\u00e2teauvert-5-768x576.jpg 768w, https:\/\/lycee-raynouard.fr\/wp-content\/uploads\/2018\/11\/Ch\u00e2teauvert-5.jpg 819w\" sizes=\"auto, (max-width: 133px) 100vw, 133px\" \/><\/a> <a href=\"http:\/\/www.lyc-raynouard.ac-nice.fr\/wp-content\/uploads\/sites\/34\/2018\/11\/Ch\u00e2teauvert-6.jpg\"><img loading=\"lazy\" decoding=\"async\" class=\"alignnone wp-image-2326\" src=\"http:\/\/www.lyc-raynouard.ac-nice.fr\/wp-content\/uploads\/sites\/34\/2018\/11\/Ch\u00e2teauvert-6-300x225.jpg\" alt=\"\" width=\"133\" height=\"100\" srcset=\"https:\/\/lycee-raynouard.fr\/wp-content\/uploads\/2018\/11\/Ch\u00e2teauvert-6-300x225.jpg 300w, https:\/\/lycee-raynouard.fr\/wp-content\/uploads\/2018\/11\/Ch\u00e2teauvert-6-768x576.jpg 768w, https:\/\/lycee-raynouard.fr\/wp-content\/uploads\/2018\/11\/Ch\u00e2teauvert-6.jpg 819w\" sizes=\"auto, (max-width: 133px) 100vw, 133px\" \/><\/a> <a href=\"http:\/\/www.lyc-raynouard.ac-nice.fr\/wp-content\/uploads\/sites\/34\/2018\/11\/Ch\u00e2teauvert-7.jpg\"><img loading=\"lazy\" decoding=\"async\" class=\"alignnone wp-image-2327\" src=\"http:\/\/www.lyc-raynouard.ac-nice.fr\/wp-content\/uploads\/sites\/34\/2018\/11\/Ch\u00e2teauvert-7-300x225.jpg\" alt=\"\" width=\"133\" height=\"100\" srcset=\"https:\/\/lycee-raynouard.fr\/wp-content\/uploads\/2018\/11\/Ch\u00e2teauvert-7-300x225.jpg 300w, https:\/\/lycee-raynouard.fr\/wp-content\/uploads\/2018\/11\/Ch\u00e2teauvert-7-768x576.jpg 768w, https:\/\/lycee-raynouard.fr\/wp-content\/uploads\/2018\/11\/Ch\u00e2teauvert-7.jpg 819w\" sizes=\"auto, (max-width: 133px) 100vw, 133px\" \/><\/a> <a href=\"http:\/\/www.lyc-raynouard.ac-nice.fr\/wp-content\/uploads\/sites\/34\/2018\/11\/Ch\u00e2teauvert-8.jpg\"><img loading=\"lazy\" decoding=\"async\" class=\"alignnone wp-image-2328\" src=\"http:\/\/www.lyc-raynouard.ac-nice.fr\/wp-content\/uploads\/sites\/34\/2018\/11\/Ch\u00e2teauvert-8-300x225.jpg\" alt=\"\" width=\"133\" height=\"100\" srcset=\"https:\/\/lycee-raynouard.fr\/wp-content\/uploads\/2018\/11\/Ch\u00e2teauvert-8-300x225.jpg 300w, https:\/\/lycee-raynouard.fr\/wp-content\/uploads\/2018\/11\/Ch\u00e2teauvert-8-768x576.jpg 768w, https:\/\/lycee-raynouard.fr\/wp-content\/uploads\/2018\/11\/Ch\u00e2teauvert-8.jpg 819w\" sizes=\"auto, (max-width: 133px) 100vw, 133px\" \/><\/a> <a href=\"http:\/\/www.lyc-raynouard.ac-nice.fr\/wp-content\/uploads\/sites\/34\/2018\/11\/Ch\u00e2teauvert-9.jpg\"><img loading=\"lazy\" decoding=\"async\" class=\"alignnone wp-image-2329\" src=\"http:\/\/www.lyc-raynouard.ac-nice.fr\/wp-content\/uploads\/sites\/34\/2018\/11\/Ch\u00e2teauvert-9-225x300.jpg\" alt=\"\" width=\"75\" height=\"100\" srcset=\"https:\/\/lycee-raynouard.fr\/wp-content\/uploads\/2018\/11\/Ch\u00e2teauvert-9-225x300.jpg 225w, https:\/\/lycee-raynouard.fr\/wp-content\/uploads\/2018\/11\/Ch\u00e2teauvert-9.jpg 614w\" sizes=\"auto, (max-width: 75px) 100vw, 75px\" \/><\/a> <a href=\"http:\/\/www.lyc-raynouard.ac-nice.fr\/wp-content\/uploads\/sites\/34\/2018\/11\/Ch\u00e2teauvert-10.jpg\"><img loading=\"lazy\" decoding=\"async\" class=\"alignnone wp-image-2330\" src=\"http:\/\/www.lyc-raynouard.ac-nice.fr\/wp-content\/uploads\/sites\/34\/2018\/11\/Ch\u00e2teauvert-10-300x225.jpg\" alt=\"\" width=\"133\" height=\"100\" srcset=\"https:\/\/lycee-raynouard.fr\/wp-content\/uploads\/2018\/11\/Ch\u00e2teauvert-10-300x225.jpg 300w, https:\/\/lycee-raynouard.fr\/wp-content\/uploads\/2018\/11\/Ch\u00e2teauvert-10-768x576.jpg 768w, https:\/\/lycee-raynouard.fr\/wp-content\/uploads\/2018\/11\/Ch\u00e2teauvert-10.jpg 819w\" sizes=\"auto, (max-width: 133px) 100vw, 133px\" \/><\/a> <a href=\"http:\/\/www.lyc-raynouard.ac-nice.fr\/wp-content\/uploads\/sites\/34\/2018\/11\/Ch\u00e2teauvert-11.jpg\"><img loading=\"lazy\" decoding=\"async\" class=\"alignnone wp-image-2331\" src=\"http:\/\/www.lyc-raynouard.ac-nice.fr\/wp-content\/uploads\/sites\/34\/2018\/11\/Ch\u00e2teauvert-11-300x225.jpg\" alt=\"\" width=\"133\" height=\"100\" srcset=\"https:\/\/lycee-raynouard.fr\/wp-content\/uploads\/2018\/11\/Ch\u00e2teauvert-11-300x225.jpg 300w, https:\/\/lycee-raynouard.fr\/wp-content\/uploads\/2018\/11\/Ch\u00e2teauvert-11-768x576.jpg 768w, https:\/\/lycee-raynouard.fr\/wp-content\/uploads\/2018\/11\/Ch\u00e2teauvert-11.jpg 819w\" sizes=\"auto, (max-width: 133px) 100vw, 133px\" \/><\/a> <a href=\"http:\/\/www.lyc-raynouard.ac-nice.fr\/wp-content\/uploads\/sites\/34\/2018\/11\/Ch\u00e2teauvert-12.jpg\"><img loading=\"lazy\" decoding=\"async\" class=\"alignnone wp-image-2332\" src=\"http:\/\/www.lyc-raynouard.ac-nice.fr\/wp-content\/uploads\/sites\/34\/2018\/11\/Ch\u00e2teauvert-12-225x300.jpg\" alt=\"\" width=\"75\" height=\"100\" srcset=\"https:\/\/lycee-raynouard.fr\/wp-content\/uploads\/2018\/11\/Ch\u00e2teauvert-12-225x300.jpg 225w, https:\/\/lycee-raynouard.fr\/wp-content\/uploads\/2018\/11\/Ch\u00e2teauvert-12.jpg 614w\" sizes=\"auto, (max-width: 75px) 100vw, 75px\" \/><\/a> <a href=\"http:\/\/www.lyc-raynouard.ac-nice.fr\/wp-content\/uploads\/sites\/34\/2018\/11\/Ch\u00e2teauvert-13.jpg\"><img loading=\"lazy\" decoding=\"async\" class=\"alignnone wp-image-2333\" src=\"http:\/\/www.lyc-raynouard.ac-nice.fr\/wp-content\/uploads\/sites\/34\/2018\/11\/Ch\u00e2teauvert-13-225x300.jpg\" alt=\"\" width=\"75\" height=\"100\" srcset=\"https:\/\/lycee-raynouard.fr\/wp-content\/uploads\/2018\/11\/Ch\u00e2teauvert-13-225x300.jpg 225w, https:\/\/lycee-raynouard.fr\/wp-content\/uploads\/2018\/11\/Ch\u00e2teauvert-13.jpg 614w\" sizes=\"auto, (max-width: 75px) 100vw, 75px\" \/><\/a> <a href=\"http:\/\/www.lyc-raynouard.ac-nice.fr\/wp-content\/uploads\/sites\/34\/2018\/11\/Ch\u00e2teauvert-14.jpg\"><img loading=\"lazy\" decoding=\"async\" class=\"alignnone wp-image-2334\" src=\"http:\/\/www.lyc-raynouard.ac-nice.fr\/wp-content\/uploads\/sites\/34\/2018\/11\/Ch\u00e2teauvert-14-300x225.jpg\" alt=\"\" width=\"133\" height=\"100\" srcset=\"https:\/\/lycee-raynouard.fr\/wp-content\/uploads\/2018\/11\/Ch\u00e2teauvert-14-300x225.jpg 300w, https:\/\/lycee-raynouard.fr\/wp-content\/uploads\/2018\/11\/Ch\u00e2teauvert-14-768x576.jpg 768w, https:\/\/lycee-raynouard.fr\/wp-content\/uploads\/2018\/11\/Ch\u00e2teauvert-14.jpg 819w\" sizes=\"auto, (max-width: 133px) 100vw, 133px\" \/><\/a> <a href=\"http:\/\/www.lyc-raynouard.ac-nice.fr\/wp-content\/uploads\/sites\/34\/2018\/11\/Ch\u00e2teauvert-15.jpg\"><img loading=\"lazy\" decoding=\"async\" class=\"alignnone wp-image-2335\" src=\"http:\/\/www.lyc-raynouard.ac-nice.fr\/wp-content\/uploads\/sites\/34\/2018\/11\/Ch\u00e2teauvert-15-300x225.jpg\" alt=\"\" width=\"133\" height=\"100\" srcset=\"https:\/\/lycee-raynouard.fr\/wp-content\/uploads\/2018\/11\/Ch\u00e2teauvert-15-300x225.jpg 300w, https:\/\/lycee-raynouard.fr\/wp-content\/uploads\/2018\/11\/Ch\u00e2teauvert-15-768x576.jpg 768w, https:\/\/lycee-raynouard.fr\/wp-content\/uploads\/2018\/11\/Ch\u00e2teauvert-15.jpg 819w\" sizes=\"auto, (max-width: 133px) 100vw, 133px\" \/><\/a><\/p>\n<p>&nbsp;<\/p>\n","protected":false},"excerpt":{"rendered":"<p>Les Premi\u00e8res Sp\u00e9cialit\u00e9 Arts Plastiques ont eu le plaisir de se joindre \u00e0 Raydio, la Webradio du lyc\u00e9e Raynouard pour rencontrer une artiste en r\u00e9sidence au Centre d&rsquo;art de Ch\u00e2teauvert.<\/p><p><a class=\"more-link btn\" href=\"https:\/\/lycee-raynouard.fr\/index.php\/2018\/11\/20\/rencontre-avec-charlotte-pringuey-cessac\/\">Lire la suite<\/a><\/p>\n","protected":false},"author":2,"featured_media":0,"comment_status":"closed","ping_status":"closed","sticky":false,"template":"","format":"standard","meta":{"_uag_custom_page_level_css":"","advgb_blocks_editor_width":"","advgb_blocks_columns_visual_guide":"","ngg_post_thumbnail":0,"footnotes":""},"categories":[34,35,1,19],"tags":[],"class_list":["post-2319","post","type-post","status-publish","format-standard","hentry","category-artpla","category-peac","category-non-classe","category-pour-les-eleves","nodate","item-wrap"],"yoast_head":"<!-- This site is optimized with the Yoast SEO plugin v25.8 - https:\/\/yoast.com\/wordpress\/plugins\/seo\/ -->\n<title>Rencontre avec Charlotte Pringuey-Cessac - Lyc\u00e9e Polyvalent Raynouard<\/title>\n<meta name=\"robots\" content=\"index, follow, max-snippet:-1, max-image-preview:large, max-video-preview:-1\" \/>\n<link rel=\"canonical\" href=\"https:\/\/lycee-raynouard.fr\/index.php\/2018\/11\/20\/rencontre-avec-charlotte-pringuey-cessac\/\" \/>\n<meta property=\"og:locale\" content=\"fr_FR\" \/>\n<meta property=\"og:type\" content=\"article\" \/>\n<meta property=\"og:title\" content=\"Rencontre avec Charlotte Pringuey-Cessac - Lyc\u00e9e Polyvalent Raynouard\" \/>\n<meta property=\"og:description\" content=\"Les Premi\u00e8res Sp\u00e9cialit\u00e9 Arts Plastiques ont eu le plaisir de se joindre \u00e0 Raydio, la Webradio du lyc\u00e9e Raynouard pour rencontrer une artiste en r\u00e9sidence au Centre d&rsquo;art de Ch\u00e2teauvert.\" \/>\n<meta property=\"og:url\" content=\"https:\/\/lycee-raynouard.fr\/index.php\/2018\/11\/20\/rencontre-avec-charlotte-pringuey-cessac\/\" \/>\n<meta property=\"og:site_name\" content=\"Lyc\u00e9e Polyvalent Raynouard\" \/>\n<meta property=\"article:published_time\" content=\"2018-11-20T21:27:41+00:00\" \/>\n<meta name=\"author\" content=\"Micha\u00ebl Haudan\" \/>\n<meta name=\"twitter:card\" content=\"summary_large_image\" \/>\n<meta name=\"twitter:label1\" content=\"\u00c9crit par\" \/>\n\t<meta name=\"twitter:data1\" content=\"Micha\u00ebl Haudan\" \/>\n\t<meta name=\"twitter:label2\" content=\"Dur\u00e9e de lecture estim\u00e9e\" \/>\n\t<meta name=\"twitter:data2\" content=\"1 minute\" \/>\n<script type=\"application\/ld+json\" class=\"yoast-schema-graph\">{\"@context\":\"https:\/\/schema.org\",\"@graph\":[{\"@type\":\"WebPage\",\"@id\":\"https:\/\/lycee-raynouard.fr\/index.php\/2018\/11\/20\/rencontre-avec-charlotte-pringuey-cessac\/\",\"url\":\"https:\/\/lycee-raynouard.fr\/index.php\/2018\/11\/20\/rencontre-avec-charlotte-pringuey-cessac\/\",\"name\":\"Rencontre avec Charlotte Pringuey-Cessac - Lyc\u00e9e Polyvalent Raynouard\",\"isPartOf\":{\"@id\":\"https:\/\/lycee-raynouard.fr\/#website\"},\"datePublished\":\"2018-11-20T21:27:41+00:00\",\"author\":{\"@id\":\"https:\/\/lycee-raynouard.fr\/#\/schema\/person\/b14bb669a1ec5c89f4d9771f946561f8\"},\"breadcrumb\":{\"@id\":\"https:\/\/lycee-raynouard.fr\/index.php\/2018\/11\/20\/rencontre-avec-charlotte-pringuey-cessac\/#breadcrumb\"},\"inLanguage\":\"fr-FR\",\"potentialAction\":[{\"@type\":\"ReadAction\",\"target\":[\"https:\/\/lycee-raynouard.fr\/index.php\/2018\/11\/20\/rencontre-avec-charlotte-pringuey-cessac\/\"]}]},{\"@type\":\"BreadcrumbList\",\"@id\":\"https:\/\/lycee-raynouard.fr\/index.php\/2018\/11\/20\/rencontre-avec-charlotte-pringuey-cessac\/#breadcrumb\",\"itemListElement\":[{\"@type\":\"ListItem\",\"position\":1,\"name\":\"Accueil\",\"item\":\"https:\/\/lycee-raynouard.fr\/\"},{\"@type\":\"ListItem\",\"position\":2,\"name\":\"Rencontre avec Charlotte Pringuey-Cessac\"}]},{\"@type\":\"WebSite\",\"@id\":\"https:\/\/lycee-raynouard.fr\/#website\",\"url\":\"https:\/\/lycee-raynouard.fr\/\",\"name\":\"Lyc\u00e9e Polyvalent Raynouard\",\"description\":\"Brignoles\",\"potentialAction\":[{\"@type\":\"SearchAction\",\"target\":{\"@type\":\"EntryPoint\",\"urlTemplate\":\"https:\/\/lycee-raynouard.fr\/?s={search_term_string}\"},\"query-input\":{\"@type\":\"PropertyValueSpecification\",\"valueRequired\":true,\"valueName\":\"search_term_string\"}}],\"inLanguage\":\"fr-FR\"},{\"@type\":\"Person\",\"@id\":\"https:\/\/lycee-raynouard.fr\/#\/schema\/person\/b14bb669a1ec5c89f4d9771f946561f8\",\"name\":\"Micha\u00ebl Haudan\",\"url\":\"https:\/\/lycee-raynouard.fr\/index.php\/author\/haudanm\/\"}]}<\/script>\n<!-- \/ Yoast SEO plugin. -->","yoast_head_json":{"title":"Rencontre avec Charlotte Pringuey-Cessac - Lyc\u00e9e Polyvalent Raynouard","robots":{"index":"index","follow":"follow","max-snippet":"max-snippet:-1","max-image-preview":"max-image-preview:large","max-video-preview":"max-video-preview:-1"},"canonical":"https:\/\/lycee-raynouard.fr\/index.php\/2018\/11\/20\/rencontre-avec-charlotte-pringuey-cessac\/","og_locale":"fr_FR","og_type":"article","og_title":"Rencontre avec Charlotte Pringuey-Cessac - Lyc\u00e9e Polyvalent Raynouard","og_description":"Les Premi\u00e8res Sp\u00e9cialit\u00e9 Arts Plastiques ont eu le plaisir de se joindre \u00e0 Raydio, la Webradio du lyc\u00e9e Raynouard pour rencontrer une artiste en r\u00e9sidence au Centre d&rsquo;art de Ch\u00e2teauvert.","og_url":"https:\/\/lycee-raynouard.fr\/index.php\/2018\/11\/20\/rencontre-avec-charlotte-pringuey-cessac\/","og_site_name":"Lyc\u00e9e Polyvalent Raynouard","article_published_time":"2018-11-20T21:27:41+00:00","author":"Micha\u00ebl Haudan","twitter_card":"summary_large_image","twitter_misc":{"\u00c9crit par":"Micha\u00ebl Haudan","Dur\u00e9e de lecture estim\u00e9e":"1 minute"},"schema":{"@context":"https:\/\/schema.org","@graph":[{"@type":"WebPage","@id":"https:\/\/lycee-raynouard.fr\/index.php\/2018\/11\/20\/rencontre-avec-charlotte-pringuey-cessac\/","url":"https:\/\/lycee-raynouard.fr\/index.php\/2018\/11\/20\/rencontre-avec-charlotte-pringuey-cessac\/","name":"Rencontre avec Charlotte Pringuey-Cessac - Lyc\u00e9e Polyvalent Raynouard","isPartOf":{"@id":"https:\/\/lycee-raynouard.fr\/#website"},"datePublished":"2018-11-20T21:27:41+00:00","author":{"@id":"https:\/\/lycee-raynouard.fr\/#\/schema\/person\/b14bb669a1ec5c89f4d9771f946561f8"},"breadcrumb":{"@id":"https:\/\/lycee-raynouard.fr\/index.php\/2018\/11\/20\/rencontre-avec-charlotte-pringuey-cessac\/#breadcrumb"},"inLanguage":"fr-FR","potentialAction":[{"@type":"ReadAction","target":["https:\/\/lycee-raynouard.fr\/index.php\/2018\/11\/20\/rencontre-avec-charlotte-pringuey-cessac\/"]}]},{"@type":"BreadcrumbList","@id":"https:\/\/lycee-raynouard.fr\/index.php\/2018\/11\/20\/rencontre-avec-charlotte-pringuey-cessac\/#breadcrumb","itemListElement":[{"@type":"ListItem","position":1,"name":"Accueil","item":"https:\/\/lycee-raynouard.fr\/"},{"@type":"ListItem","position":2,"name":"Rencontre avec Charlotte Pringuey-Cessac"}]},{"@type":"WebSite","@id":"https:\/\/lycee-raynouard.fr\/#website","url":"https:\/\/lycee-raynouard.fr\/","name":"Lyc\u00e9e Polyvalent Raynouard","description":"Brignoles","potentialAction":[{"@type":"SearchAction","target":{"@type":"EntryPoint","urlTemplate":"https:\/\/lycee-raynouard.fr\/?s={search_term_string}"},"query-input":{"@type":"PropertyValueSpecification","valueRequired":true,"valueName":"search_term_string"}}],"inLanguage":"fr-FR"},{"@type":"Person","@id":"https:\/\/lycee-raynouard.fr\/#\/schema\/person\/b14bb669a1ec5c89f4d9771f946561f8","name":"Micha\u00ebl Haudan","url":"https:\/\/lycee-raynouard.fr\/index.php\/author\/haudanm\/"}]}},"author_meta":{"display_name":"Micha\u00ebl Haudan","author_link":"https:\/\/lycee-raynouard.fr\/index.php\/author\/haudanm\/"},"featured_img":null,"uagb_featured_image_src":{"full":false,"thumbnail":false,"medium":false,"medium_large":false,"large":false,"1536x1536":false,"2048x2048":false,"graphene_slider":false,"graphene_featured_image":false,"post-thumbnail":false,"mailpoet_newsletter_max":false},"uagb_author_info":{"display_name":"Micha\u00ebl Haudan","author_link":"https:\/\/lycee-raynouard.fr\/index.php\/author\/haudanm\/"},"uagb_comment_info":0,"uagb_excerpt":"Les Premi\u00e8res Sp\u00e9cialit\u00e9 Arts Plastiques ont eu le plaisir de se joindre \u00e0 Raydio, la Webradio du lyc\u00e9e Raynouard pour rencontrer une artiste en r\u00e9sidence au Centre d&rsquo;art de Ch\u00e2teauvert.","coauthors":[],"tax_additional":{"categories":{"linked":["<a href=\"https:\/\/lycee-raynouard.fr\/index.php\/category\/artpla\/\" class=\"advgb-post-tax-term\">Arts plastiques \/ Arts visuels<\/a>","<a href=\"https:\/\/lycee-raynouard.fr\/index.php\/category\/peac\/\" class=\"advgb-post-tax-term\">le PEAC du lyc\u00e9e Raynouard<\/a>","<a href=\"https:\/\/lycee-raynouard.fr\/index.php\/category\/non-classe\/\" class=\"advgb-post-tax-term\">Non class\u00e9<\/a>","<a href=\"https:\/\/lycee-raynouard.fr\/index.php\/category\/pour-les-eleves\/\" class=\"advgb-post-tax-term\">Pour les \u00e9l\u00e8ves<\/a>"],"unlinked":["<span class=\"advgb-post-tax-term\">Arts plastiques \/ Arts visuels<\/span>","<span class=\"advgb-post-tax-term\">le PEAC du lyc\u00e9e Raynouard<\/span>","<span class=\"advgb-post-tax-term\">Non class\u00e9<\/span>","<span class=\"advgb-post-tax-term\">Pour les \u00e9l\u00e8ves<\/span>"]}},"comment_count":"0","relative_dates":{"created":"Publi\u00e9 7 ans il y a","modified":"Mis \u00e0 jour 7 ans il y a"},"absolute_dates":{"created":"Publi\u00e9 le 20 novembre 2018","modified":"Mise \u00e0 jour le 20 novembre 2018"},"absolute_dates_time":{"created":"Publi\u00e9 le 20 novembre 2018 22 h 27 min","modified":"Mise \u00e0 jour le 20 novembre 2018 22 h 27 min"},"featured_img_caption":"","series_order":"","_links":{"self":[{"href":"https:\/\/lycee-raynouard.fr\/index.php\/wp-json\/wp\/v2\/posts\/2319","targetHints":{"allow":["GET"]}}],"collection":[{"href":"https:\/\/lycee-raynouard.fr\/index.php\/wp-json\/wp\/v2\/posts"}],"about":[{"href":"https:\/\/lycee-raynouard.fr\/index.php\/wp-json\/wp\/v2\/types\/post"}],"author":[{"embeddable":true,"href":"https:\/\/lycee-raynouard.fr\/index.php\/wp-json\/wp\/v2\/users\/2"}],"replies":[{"embeddable":true,"href":"https:\/\/lycee-raynouard.fr\/index.php\/wp-json\/wp\/v2\/comments?post=2319"}],"version-history":[{"count":0,"href":"https:\/\/lycee-raynouard.fr\/index.php\/wp-json\/wp\/v2\/posts\/2319\/revisions"}],"wp:attachment":[{"href":"https:\/\/lycee-raynouard.fr\/index.php\/wp-json\/wp\/v2\/media?parent=2319"}],"wp:term":[{"taxonomy":"category","embeddable":true,"href":"https:\/\/lycee-raynouard.fr\/index.php\/wp-json\/wp\/v2\/categories?post=2319"},{"taxonomy":"post_tag","embeddable":true,"href":"https:\/\/lycee-raynouard.fr\/index.php\/wp-json\/wp\/v2\/tags?post=2319"}],"curies":[{"name":"wp","href":"https:\/\/api.w.org\/{rel}","templated":true}]}}