{"id":2409,"date":"2019-03-01T12:59:51","date_gmt":"2019-03-01T11:59:51","guid":{"rendered":"http:\/\/www.lyc-raynouard.ac-nice.fr\/?p=2367"},"modified":"2019-03-10T23:02:16","modified_gmt":"2019-03-10T22:02:16","slug":"sciences-et-technologies-du-management-et-de-la-gestion-une-filiere-dynamique-ouverte-sur-la-decouverte-de-lentreprise-et-a-lorigine-de-projets-originaux-pour-les-eleves","status":"publish","type":"post","link":"https:\/\/lycee-raynouard.fr\/index.php\/2019\/03\/01\/sciences-et-technologies-du-management-et-de-la-gestion-une-filiere-dynamique-ouverte-sur-la-decouverte-de-lentreprise-et-a-lorigine-de-projets-originaux-pour-les-eleves\/","title":{"rendered":"Sciences et Technologies du Management et de la Gestion :   Une fili\u00e8re dynamique, ouverte sur la d\u00e9couverte de l\u2019entreprise et \u00e0 l\u2019origine de projets originaux pour les \u00e9l\u00e8ves"},"content":{"rendered":"<p>&nbsp;<\/p>\n<p style=\"text-align: center;\">Cett<a href=\"http:\/\/www.lyc-raynouard.ac-nice.fr\/wp-content\/uploads\/sites\/34\/2019\/03\/photo2.jpg\"><img loading=\"lazy\" decoding=\"async\" class=\"size-medium wp-image-2371 alignleft\" src=\"http:\/\/www.lyc-raynouard.ac-nice.fr\/wp-content\/uploads\/sites\/34\/2019\/03\/photo2-300x169.jpg\" alt=\"\" width=\"300\" height=\"169\"><\/a>e ann\u00e9e, deux journ\u00e9es cibl\u00e9es pour nos \u00e9l\u00e8ves de STMG ont \u00e9t\u00e9 conduites et ont permis de :<br \/>\n&#8211; \u00ab\u00a0Mobiliser les troupes\u00a0\u00bb<\/p>\n<p style=\"text-align: center;\">&#8211; Motiver les \u00e9l\u00e8ves,<\/p>\n<p style=\"text-align: center;\">Et les valoriser\u2026<br \/>\n<!--more--><\/p>\n<ul style=\"list-style-type: square;\">\n<li style=\"text-align: left;\"><em><strong>Le mardi 9 octobre 2018<\/strong> <\/em>:&nbsp; une journ\u00e9e d\u2019int\u00e9gration des 1\u00e8res STMG<br \/>\npr\u00e9par\u00e9e avec l\u2019aide des TSTMG<\/li>\n<li><strong><em>Le jeudi 20 d\u00e9cembre 2018<\/em>&nbsp; <\/strong>: un challenge inter-classes \u00ab\u00a0La T\u00eate et les Jambes\u00a0\u00bb pour les 1\u00e8res et terminale STMG pour les 1\u00e8res&nbsp; et terminales STMG<\/li>\n<\/ul>\n<p style=\"text-align: left;\"><strong><em>Mardi 9 octobre 2018<\/em> :&nbsp; l<em>a journ\u00e9e d\u2019int\u00e9gration pour les 1\u00e8res STMG :&nbsp;<\/em><\/strong><br \/>\n<em>L&rsquo;objectif<\/em> : faire d\u00e9couvrir, aux 1\u00e8res STMG, la richesse des enseignements technologiques \u00e0 travers diff\u00e9rents ateliers anim\u00e9s par des \u00e9l\u00e8ves de terminale, une pompier volontaire et des professeurs.<\/p>\n<p><em>Les ateliers mis en place :&nbsp;<\/em><\/p>\n<p><strong><em>L&rsquo; atelier Citoyennet\u00e9<\/em><\/strong> : les \u00e9l\u00e8ves de 1\u00e8re STMG ont \u00e9t\u00e9 amen\u00e9s \u00e0 r\u00e9fl\u00e9chir sur les valeurs fortes de la R\u00e9publique \u00e0 travers un parcours citoyen et \u00e0 proposer un nom pour le futur b\u00e2timent en construction.<\/p>\n<p><strong><em>L&rsquo;atelier Etudes<\/em><\/strong> : des \u00e9l\u00e8ves de TSTMG qui ont brillamment r\u00e9ussi leur \u00e9preuve de Sciences de Gestion l\u2019an dernier ont pr\u00e9sent\u00e9 et \u00e9chang\u00e9, toute la journ\u00e9e, avec les 1\u00e8res sur :<\/p>\n<p>&#8211; les attentes de l\u2019\u00e9preuve<br \/>\n&#8211; le travail \u00e0 fournir,<br \/>\n&#8211; et la pr\u00e9sentation finale\u2026. ainsi que les points \u00e0 r\u00e9cup\u00e9rer pour le bac !!!<\/p>\n<p><strong><em>L&rsquo;atelier Blind Test et le Mus\u00e9e de l\u2019emballage<\/em><\/strong> : \u00e0 travers des tests \u00e0 l\u2019aveugle, les \u00e9l\u00e8ves ont \u00e9t\u00e9 sensibilis\u00e9s aux diverses influences que nous subissons en tant que consommateurs\u2026 Go\u00fbts, couleurs\u2026 Odeurs\u2026<\/p>\n<p><a href=\"http:\/\/www.lyc-raynouard.ac-nice.fr\/wp-content\/uploads\/sites\/34\/2019\/03\/photo8.jpg\"><img loading=\"lazy\" decoding=\"async\" class=\"alignnone size-medium wp-image-2372\" src=\"http:\/\/www.lyc-raynouard.ac-nice.fr\/wp-content\/uploads\/sites\/34\/2019\/03\/photo8-300x200.jpg\" alt=\"\" width=\"300\" height=\"200\"><\/a>Quant au mus\u00e9e de l\u2019emballage, il a permis aux \u00e9l\u00e8ves de se rendre compte comment, \u00e0 travers un packaging, les professionnels de la distribution nous am\u00e8nent \u00e0 choisir leurs produits phares.<\/p>\n<p><strong><em>L&rsquo;atelier num\u00e9rique<\/em><\/strong> : il a attir\u00e9 l\u2019attention des \u00e9l\u00e8ves sur l\u2019utilisation des nouvelles technologies dans la vie de tous les jours avec les opportunit\u00e9s qu\u2019elles offrent mais aussi les dangers qu\u2019elles peuvent nous faire courir (droits d\u2019auteur, diffamation, harc\u00e8lement\u2026)<\/p>\n<p>Un atelier\u2026 tr\u00e8s instructif\u2026 qui permet \u00e0 chacun de r\u00e9fl\u00e9chir sur nos usages des nouvelles techniques de communication et d\u2019Internet.<\/p>\n<p><em><strong>L&rsquo;atelier Secourism<\/strong><\/em>e : des sensibilisations, des rappels sur les gestes qui sauvent, sur les num\u00e9ros \u00e0 pr\u00e9venir et conduites \u00e0 tenir face \u00e0 une victime\u2026<br \/>\nEt surtout\u2026 des manipulations avec Mme Magne, sapeur-pompier volontaire \u00e0 Gar\u00e9oult et deux jeunes pompiers, \u00e9l\u00e8ves de TSTMG, issus de la formation des Jeunes Sapeurs Pompiers de Gar\u00e9oult.<\/p>\n<p><a href=\"http:\/\/www.lyc-raynouard.ac-nice.fr\/wp-content\/uploads\/sites\/34\/2019\/03\/photo10.jpg\"><img loading=\"lazy\" decoding=\"async\" class=\"alignnone size-medium wp-image-2373\" src=\"http:\/\/www.lyc-raynouard.ac-nice.fr\/wp-content\/uploads\/sites\/34\/2019\/03\/photo10-300x200.jpg\" alt=\"\" width=\"300\" height=\"200\"><\/a><\/p>\n<p style=\"text-align: center;\"><strong>UNE BELLE JOURNEE QUI S\u2019EST TERMINEE PAR UN SUPER GO\u00dbTER OFFERT A<\/strong><br \/>\n<strong>TOUS LES PARTICIPANTS PAR L\u2019ETABLISSEMENT<\/strong><\/p>\n<p style=\"text-align: left;\"><strong><em>Jeudi 20 d\u00e9cembre : l<\/em><\/strong><em><strong>e challenge inter-classes \u00ab La T\u00eate et les Jambes \u00bb pour les 1\u00e8res et terminale STMG<\/strong><\/em><\/p>\n<p>L&rsquo;objectif : une comp\u00e9tition entre nos classes de 1\u00e8re et Terminale STMG \u00e0 travers des \u00e9preuves de culture g\u00e9n\u00e9rale et des \u00e9preuves sportives<\/p>\n<p><em><strong>A la cl\u00e9 :<\/strong> <strong>gagner une sortie au bowling de Saint Maximin pour la classe gagnante\u2026<\/strong><\/em><br \/>\nUne journ\u00e9e pleine d\u2019\u00e9motions\u2026 des animations sympas au cours desquelles les \u00e9l\u00e8ves font appel \u00e0 leurs connaissances dans un contexte diff\u00e9rent\u2026<\/p>\n<p><em><strong>Le matin : LA TETE ! Une matin\u00e9e autour de quizz<\/strong> <\/em>sur les programmes de STMG qui ont permis aux \u00e9l\u00e8ves de s\u2019affronter dans la bonne humeur et de r\u00e9viser, tout en s\u2019amusant, les cours dispens\u00e9s\u2026<\/p>\n<p>Des questions de cours\u2026 pr\u00e9par\u00e9es par les \u00e9l\u00e8ves de TSTMG pour les 1\u00e8res, et pr\u00e9par\u00e9es par les professeurs pour les terminales<br \/>\nDes buzzers\u2026<br \/>\nDeux supers animateurs\u2026<br \/>\nEt des \u00e9quipes motiv\u00e9es pour bien r\u00e9pondre aux questions\u2026<\/p>\n<p>Un public qui a encourag\u00e9 sa classe\u2026<\/p>\n<p>Une matin\u00e9e riche qui s\u2019est d\u00e9roul\u00e9e dans une tr\u00e8s bonne ambiance avec environ 180 jeunes.<\/p>\n<p><em><strong>Et l\u2019apr\u00e8s-midi\u2026 LES JAMBES ! : <\/strong><\/em>Place au sport au boulodrome de Brignoles<\/p>\n<p><a href=\"http:\/\/www.lyc-raynouard.ac-nice.fr\/wp-content\/uploads\/sites\/34\/2019\/03\/photo13.jpg\"><img loading=\"lazy\" decoding=\"async\" class=\"alignnone size-medium wp-image-2374\" src=\"http:\/\/www.lyc-raynouard.ac-nice.fr\/wp-content\/uploads\/sites\/34\/2019\/03\/photo13-300x169.jpg\" alt=\"\" width=\"300\" height=\"169\"><\/a>Encadr\u00e9s par l\u2019ASBB, nos \u00e9l\u00e8ves se sont affront\u00e9s dans le cadre d\u2019un tournoi de p\u00e9tanque digne d\u2019un tournoi professionnel\u2026<br \/>\nUn temps magnifique, des jeunes motiv\u00e9s, et un super accueil qui nous a \u00e9t\u00e9 r\u00e9serv\u00e9 par les b\u00e9n\u00e9voles de l\u2019association de p\u00e9tanque\u2026<\/p>\n<p>Des matchs pour d\u00e9partager tout le monde\u2026<\/p>\n<p>Bravo \u00e0 tous nos participants\u2026<br \/>\nBravo \u00e0 nos \u00e9l\u00e8ves pour leur tenue, leur fairplay, bravo \u00e0 la classe de 1 STMG 2 \u2013 et aux autres.<\/p>\n<p><strong>Nous sommes fiers de nos classes de STMG !!!<\/strong><\/p>\n<p style=\"text-align: center;\"><em><strong>Et pour la remise des r\u00e9compenses : petit d\u00e9jeuner offert par le lyc\u00e9e \u00e0 tous nos \u00e9l\u00e8ves<\/strong><\/em><br \/>\n<em><strong>le vendredi 21 d\u00e9cembre au grand r\u00e9fectoire.<\/strong><\/em><\/p>\n","protected":false},"excerpt":{"rendered":"<p>&nbsp; Cette ann\u00e9e, deux journ\u00e9es cibl\u00e9es pour nos \u00e9l\u00e8ves de STMG ont \u00e9t\u00e9 conduites et ont permis de : &#8211; \u00ab\u00a0Mobiliser les troupes\u00a0\u00bb &#8211; Motiver les \u00e9l\u00e8ves, Et les valoriser\u2026<\/p>\n","protected":false},"author":4,"featured_media":0,"comment_status":"closed","ping_status":"closed","sticky":false,"template":"","format":"standard","meta":{"_uag_custom_page_level_css":"","advgb_blocks_editor_width":"","advgb_blocks_columns_visual_guide":"","ngg_post_thumbnail":0,"footnotes":""},"categories":[1],"tags":[],"class_list":["post-2409","post","type-post","status-publish","format-standard","hentry","category-non-classe","nodate","item-wrap"],"yoast_head":"<!-- This site is optimized with the Yoast SEO plugin v25.8 - https:\/\/yoast.com\/wordpress\/plugins\/seo\/ -->\n<title>Sciences et Technologies du Management et de la Gestion :  Une fili\u00e8re dynamique, ouverte sur la d\u00e9couverte de l\u2019entreprise et \u00e0 l\u2019origine de projets originaux pour les \u00e9l\u00e8ves - Lyc\u00e9e Polyvalent Raynouard<\/title>\n<meta name=\"robots\" content=\"index, follow, max-snippet:-1, max-image-preview:large, max-video-preview:-1\" \/>\n<link rel=\"canonical\" href=\"https:\/\/lycee-raynouard.fr\/index.php\/2019\/03\/01\/sciences-et-technologies-du-management-et-de-la-gestion-une-filiere-dynamique-ouverte-sur-la-decouverte-de-lentreprise-et-a-lorigine-de-projets-originaux-pour-les-eleves\/\" \/>\n<meta property=\"og:locale\" content=\"fr_FR\" \/>\n<meta property=\"og:type\" content=\"article\" \/>\n<meta property=\"og:title\" content=\"Sciences et Technologies du Management et de la Gestion :  Une fili\u00e8re dynamique, ouverte sur la d\u00e9couverte de l\u2019entreprise et \u00e0 l\u2019origine de projets originaux pour les \u00e9l\u00e8ves - Lyc\u00e9e Polyvalent Raynouard\" \/>\n<meta property=\"og:description\" content=\"&nbsp; Cette ann\u00e9e, deux journ\u00e9es cibl\u00e9es pour nos \u00e9l\u00e8ves de STMG ont \u00e9t\u00e9 conduites et ont permis de : &#8211; \u00ab\u00a0Mobiliser les troupes\u00a0\u00bb &#8211; Motiver les \u00e9l\u00e8ves, Et les valoriser\u2026\" \/>\n<meta property=\"og:url\" content=\"https:\/\/lycee-raynouard.fr\/index.php\/2019\/03\/01\/sciences-et-technologies-du-management-et-de-la-gestion-une-filiere-dynamique-ouverte-sur-la-decouverte-de-lentreprise-et-a-lorigine-de-projets-originaux-pour-les-eleves\/\" \/>\n<meta property=\"og:site_name\" content=\"Lyc\u00e9e Polyvalent Raynouard\" \/>\n<meta property=\"article:published_time\" content=\"2019-03-01T11:59:51+00:00\" \/>\n<meta property=\"article:modified_time\" content=\"2019-03-10T22:02:16+00:00\" \/>\n<meta property=\"og:image\" content=\"http:\/\/www.lyc-raynouard.ac-nice.fr\/wp-content\/uploads\/sites\/34\/2019\/03\/photo2-300x169.jpg\" \/>\n<meta name=\"author\" content=\"geneachille\" \/>\n<meta name=\"twitter:card\" content=\"summary_large_image\" \/>\n<meta name=\"twitter:label1\" content=\"\u00c9crit par\" \/>\n\t<meta name=\"twitter:data1\" content=\"geneachille\" \/>\n\t<meta name=\"twitter:label2\" content=\"Dur\u00e9e de lecture estim\u00e9e\" \/>\n\t<meta name=\"twitter:data2\" content=\"4 minutes\" \/>\n<script type=\"application\/ld+json\" class=\"yoast-schema-graph\">{\"@context\":\"https:\/\/schema.org\",\"@graph\":[{\"@type\":\"WebPage\",\"@id\":\"https:\/\/lycee-raynouard.fr\/index.php\/2019\/03\/01\/sciences-et-technologies-du-management-et-de-la-gestion-une-filiere-dynamique-ouverte-sur-la-decouverte-de-lentreprise-et-a-lorigine-de-projets-originaux-pour-les-eleves\/\",\"url\":\"https:\/\/lycee-raynouard.fr\/index.php\/2019\/03\/01\/sciences-et-technologies-du-management-et-de-la-gestion-une-filiere-dynamique-ouverte-sur-la-decouverte-de-lentreprise-et-a-lorigine-de-projets-originaux-pour-les-eleves\/\",\"name\":\"Sciences et Technologies du Management et de la Gestion : Une fili\u00e8re dynamique, ouverte sur la d\u00e9couverte de l\u2019entreprise et \u00e0 l\u2019origine de projets originaux pour les \u00e9l\u00e8ves - Lyc\u00e9e Polyvalent Raynouard\",\"isPartOf\":{\"@id\":\"https:\/\/lycee-raynouard.fr\/#website\"},\"primaryImageOfPage\":{\"@id\":\"https:\/\/lycee-raynouard.fr\/index.php\/2019\/03\/01\/sciences-et-technologies-du-management-et-de-la-gestion-une-filiere-dynamique-ouverte-sur-la-decouverte-de-lentreprise-et-a-lorigine-de-projets-originaux-pour-les-eleves\/#primaryimage\"},\"image\":{\"@id\":\"https:\/\/lycee-raynouard.fr\/index.php\/2019\/03\/01\/sciences-et-technologies-du-management-et-de-la-gestion-une-filiere-dynamique-ouverte-sur-la-decouverte-de-lentreprise-et-a-lorigine-de-projets-originaux-pour-les-eleves\/#primaryimage\"},\"thumbnailUrl\":\"http:\/\/www.lyc-raynouard.ac-nice.fr\/wp-content\/uploads\/sites\/34\/2019\/03\/photo2-300x169.jpg\",\"datePublished\":\"2019-03-01T11:59:51+00:00\",\"dateModified\":\"2019-03-10T22:02:16+00:00\",\"author\":{\"@id\":\"https:\/\/lycee-raynouard.fr\/#\/schema\/person\/10d0697f36a5b856076ff96d1fc67818\"},\"breadcrumb\":{\"@id\":\"https:\/\/lycee-raynouard.fr\/index.php\/2019\/03\/01\/sciences-et-technologies-du-management-et-de-la-gestion-une-filiere-dynamique-ouverte-sur-la-decouverte-de-lentreprise-et-a-lorigine-de-projets-originaux-pour-les-eleves\/#breadcrumb\"},\"inLanguage\":\"fr-FR\",\"potentialAction\":[{\"@type\":\"ReadAction\",\"target\":[\"https:\/\/lycee-raynouard.fr\/index.php\/2019\/03\/01\/sciences-et-technologies-du-management-et-de-la-gestion-une-filiere-dynamique-ouverte-sur-la-decouverte-de-lentreprise-et-a-lorigine-de-projets-originaux-pour-les-eleves\/\"]}]},{\"@type\":\"ImageObject\",\"inLanguage\":\"fr-FR\",\"@id\":\"https:\/\/lycee-raynouard.fr\/index.php\/2019\/03\/01\/sciences-et-technologies-du-management-et-de-la-gestion-une-filiere-dynamique-ouverte-sur-la-decouverte-de-lentreprise-et-a-lorigine-de-projets-originaux-pour-les-eleves\/#primaryimage\",\"url\":\"http:\/\/www.lyc-raynouard.ac-nice.fr\/wp-content\/uploads\/sites\/34\/2019\/03\/photo2-300x169.jpg\",\"contentUrl\":\"http:\/\/www.lyc-raynouard.ac-nice.fr\/wp-content\/uploads\/sites\/34\/2019\/03\/photo2-300x169.jpg\"},{\"@type\":\"BreadcrumbList\",\"@id\":\"https:\/\/lycee-raynouard.fr\/index.php\/2019\/03\/01\/sciences-et-technologies-du-management-et-de-la-gestion-une-filiere-dynamique-ouverte-sur-la-decouverte-de-lentreprise-et-a-lorigine-de-projets-originaux-pour-les-eleves\/#breadcrumb\",\"itemListElement\":[{\"@type\":\"ListItem\",\"position\":1,\"name\":\"Accueil\",\"item\":\"https:\/\/lycee-raynouard.fr\/\"},{\"@type\":\"ListItem\",\"position\":2,\"name\":\"Sciences et Technologies du Management et de la Gestion : Une fili\u00e8re dynamique, ouverte sur la d\u00e9couverte de l\u2019entreprise et \u00e0 l\u2019origine de projets originaux pour les \u00e9l\u00e8ves\"}]},{\"@type\":\"WebSite\",\"@id\":\"https:\/\/lycee-raynouard.fr\/#website\",\"url\":\"https:\/\/lycee-raynouard.fr\/\",\"name\":\"Lyc\u00e9e Polyvalent Raynouard\",\"description\":\"Brignoles\",\"potentialAction\":[{\"@type\":\"SearchAction\",\"target\":{\"@type\":\"EntryPoint\",\"urlTemplate\":\"https:\/\/lycee-raynouard.fr\/?s={search_term_string}\"},\"query-input\":{\"@type\":\"PropertyValueSpecification\",\"valueRequired\":true,\"valueName\":\"search_term_string\"}}],\"inLanguage\":\"fr-FR\"},{\"@type\":\"Person\",\"@id\":\"https:\/\/lycee-raynouard.fr\/#\/schema\/person\/10d0697f36a5b856076ff96d1fc67818\",\"name\":\"geneachille\",\"url\":\"https:\/\/lycee-raynouard.fr\/index.php\/author\/geneachille\/\"}]}<\/script>\n<!-- \/ Yoast SEO plugin. -->","yoast_head_json":{"title":"Sciences et Technologies du Management et de la Gestion :  Une fili\u00e8re dynamique, ouverte sur la d\u00e9couverte de l\u2019entreprise et \u00e0 l\u2019origine de projets originaux pour les \u00e9l\u00e8ves - Lyc\u00e9e Polyvalent Raynouard","robots":{"index":"index","follow":"follow","max-snippet":"max-snippet:-1","max-image-preview":"max-image-preview:large","max-video-preview":"max-video-preview:-1"},"canonical":"https:\/\/lycee-raynouard.fr\/index.php\/2019\/03\/01\/sciences-et-technologies-du-management-et-de-la-gestion-une-filiere-dynamique-ouverte-sur-la-decouverte-de-lentreprise-et-a-lorigine-de-projets-originaux-pour-les-eleves\/","og_locale":"fr_FR","og_type":"article","og_title":"Sciences et Technologies du Management et de la Gestion :  Une fili\u00e8re dynamique, ouverte sur la d\u00e9couverte de l\u2019entreprise et \u00e0 l\u2019origine de projets originaux pour les \u00e9l\u00e8ves - Lyc\u00e9e Polyvalent Raynouard","og_description":"&nbsp; Cette ann\u00e9e, deux journ\u00e9es cibl\u00e9es pour nos \u00e9l\u00e8ves de STMG ont \u00e9t\u00e9 conduites et ont permis de : &#8211; \u00ab\u00a0Mobiliser les troupes\u00a0\u00bb &#8211; Motiver les \u00e9l\u00e8ves, Et les valoriser\u2026","og_url":"https:\/\/lycee-raynouard.fr\/index.php\/2019\/03\/01\/sciences-et-technologies-du-management-et-de-la-gestion-une-filiere-dynamique-ouverte-sur-la-decouverte-de-lentreprise-et-a-lorigine-de-projets-originaux-pour-les-eleves\/","og_site_name":"Lyc\u00e9e Polyvalent Raynouard","article_published_time":"2019-03-01T11:59:51+00:00","article_modified_time":"2019-03-10T22:02:16+00:00","og_image":[{"url":"http:\/\/www.lyc-raynouard.ac-nice.fr\/wp-content\/uploads\/sites\/34\/2019\/03\/photo2-300x169.jpg","type":"","width":"","height":""}],"author":"geneachille","twitter_card":"summary_large_image","twitter_misc":{"\u00c9crit par":"geneachille","Dur\u00e9e de lecture estim\u00e9e":"4 minutes"},"schema":{"@context":"https:\/\/schema.org","@graph":[{"@type":"WebPage","@id":"https:\/\/lycee-raynouard.fr\/index.php\/2019\/03\/01\/sciences-et-technologies-du-management-et-de-la-gestion-une-filiere-dynamique-ouverte-sur-la-decouverte-de-lentreprise-et-a-lorigine-de-projets-originaux-pour-les-eleves\/","url":"https:\/\/lycee-raynouard.fr\/index.php\/2019\/03\/01\/sciences-et-technologies-du-management-et-de-la-gestion-une-filiere-dynamique-ouverte-sur-la-decouverte-de-lentreprise-et-a-lorigine-de-projets-originaux-pour-les-eleves\/","name":"Sciences et Technologies du Management et de la Gestion : Une fili\u00e8re dynamique, ouverte sur la d\u00e9couverte de l\u2019entreprise et \u00e0 l\u2019origine de projets originaux pour les \u00e9l\u00e8ves - Lyc\u00e9e Polyvalent Raynouard","isPartOf":{"@id":"https:\/\/lycee-raynouard.fr\/#website"},"primaryImageOfPage":{"@id":"https:\/\/lycee-raynouard.fr\/index.php\/2019\/03\/01\/sciences-et-technologies-du-management-et-de-la-gestion-une-filiere-dynamique-ouverte-sur-la-decouverte-de-lentreprise-et-a-lorigine-de-projets-originaux-pour-les-eleves\/#primaryimage"},"image":{"@id":"https:\/\/lycee-raynouard.fr\/index.php\/2019\/03\/01\/sciences-et-technologies-du-management-et-de-la-gestion-une-filiere-dynamique-ouverte-sur-la-decouverte-de-lentreprise-et-a-lorigine-de-projets-originaux-pour-les-eleves\/#primaryimage"},"thumbnailUrl":"http:\/\/www.lyc-raynouard.ac-nice.fr\/wp-content\/uploads\/sites\/34\/2019\/03\/photo2-300x169.jpg","datePublished":"2019-03-01T11:59:51+00:00","dateModified":"2019-03-10T22:02:16+00:00","author":{"@id":"https:\/\/lycee-raynouard.fr\/#\/schema\/person\/10d0697f36a5b856076ff96d1fc67818"},"breadcrumb":{"@id":"https:\/\/lycee-raynouard.fr\/index.php\/2019\/03\/01\/sciences-et-technologies-du-management-et-de-la-gestion-une-filiere-dynamique-ouverte-sur-la-decouverte-de-lentreprise-et-a-lorigine-de-projets-originaux-pour-les-eleves\/#breadcrumb"},"inLanguage":"fr-FR","potentialAction":[{"@type":"ReadAction","target":["https:\/\/lycee-raynouard.fr\/index.php\/2019\/03\/01\/sciences-et-technologies-du-management-et-de-la-gestion-une-filiere-dynamique-ouverte-sur-la-decouverte-de-lentreprise-et-a-lorigine-de-projets-originaux-pour-les-eleves\/"]}]},{"@type":"ImageObject","inLanguage":"fr-FR","@id":"https:\/\/lycee-raynouard.fr\/index.php\/2019\/03\/01\/sciences-et-technologies-du-management-et-de-la-gestion-une-filiere-dynamique-ouverte-sur-la-decouverte-de-lentreprise-et-a-lorigine-de-projets-originaux-pour-les-eleves\/#primaryimage","url":"http:\/\/www.lyc-raynouard.ac-nice.fr\/wp-content\/uploads\/sites\/34\/2019\/03\/photo2-300x169.jpg","contentUrl":"http:\/\/www.lyc-raynouard.ac-nice.fr\/wp-content\/uploads\/sites\/34\/2019\/03\/photo2-300x169.jpg"},{"@type":"BreadcrumbList","@id":"https:\/\/lycee-raynouard.fr\/index.php\/2019\/03\/01\/sciences-et-technologies-du-management-et-de-la-gestion-une-filiere-dynamique-ouverte-sur-la-decouverte-de-lentreprise-et-a-lorigine-de-projets-originaux-pour-les-eleves\/#breadcrumb","itemListElement":[{"@type":"ListItem","position":1,"name":"Accueil","item":"https:\/\/lycee-raynouard.fr\/"},{"@type":"ListItem","position":2,"name":"Sciences et Technologies du Management et de la Gestion : Une fili\u00e8re dynamique, ouverte sur la d\u00e9couverte de l\u2019entreprise et \u00e0 l\u2019origine de projets originaux pour les \u00e9l\u00e8ves"}]},{"@type":"WebSite","@id":"https:\/\/lycee-raynouard.fr\/#website","url":"https:\/\/lycee-raynouard.fr\/","name":"Lyc\u00e9e Polyvalent Raynouard","description":"Brignoles","potentialAction":[{"@type":"SearchAction","target":{"@type":"EntryPoint","urlTemplate":"https:\/\/lycee-raynouard.fr\/?s={search_term_string}"},"query-input":{"@type":"PropertyValueSpecification","valueRequired":true,"valueName":"search_term_string"}}],"inLanguage":"fr-FR"},{"@type":"Person","@id":"https:\/\/lycee-raynouard.fr\/#\/schema\/person\/10d0697f36a5b856076ff96d1fc67818","name":"geneachille","url":"https:\/\/lycee-raynouard.fr\/index.php\/author\/geneachille\/"}]}},"author_meta":{"display_name":"geneachille","author_link":"https:\/\/lycee-raynouard.fr\/index.php\/author\/geneachille\/"},"featured_img":null,"uagb_featured_image_src":{"full":false,"thumbnail":false,"medium":false,"medium_large":false,"large":false,"1536x1536":false,"2048x2048":false,"graphene_slider":false,"graphene_featured_image":false,"post-thumbnail":false,"mailpoet_newsletter_max":false},"uagb_author_info":{"display_name":"geneachille","author_link":"https:\/\/lycee-raynouard.fr\/index.php\/author\/geneachille\/"},"uagb_comment_info":0,"uagb_excerpt":"&nbsp; Cette ann\u00e9e, deux journ\u00e9es cibl\u00e9es pour nos \u00e9l\u00e8ves de STMG ont \u00e9t\u00e9 conduites et ont permis de : &#8211; \u00ab\u00a0Mobiliser les troupes\u00a0\u00bb &#8211; Motiver les \u00e9l\u00e8ves, Et les valoriser\u2026","coauthors":[],"tax_additional":{"categories":{"linked":["<a href=\"https:\/\/lycee-raynouard.fr\/index.php\/category\/non-classe\/\" class=\"advgb-post-tax-term\">Non class\u00e9<\/a>"],"unlinked":["<span class=\"advgb-post-tax-term\">Non class\u00e9<\/span>"]}},"comment_count":"0","relative_dates":{"created":"Publi\u00e9 7 ans il y a","modified":"Mis \u00e0 jour 7 ans il y a"},"absolute_dates":{"created":"Publi\u00e9 le 1 mars 2019","modified":"Mise \u00e0 jour le 10 mars 2019"},"absolute_dates_time":{"created":"Publi\u00e9 le 1 mars 2019 12 h 59 min","modified":"Mise \u00e0 jour le 10 mars 2019 23 h 02 min"},"featured_img_caption":"","series_order":"","_links":{"self":[{"href":"https:\/\/lycee-raynouard.fr\/index.php\/wp-json\/wp\/v2\/posts\/2409","targetHints":{"allow":["GET"]}}],"collection":[{"href":"https:\/\/lycee-raynouard.fr\/index.php\/wp-json\/wp\/v2\/posts"}],"about":[{"href":"https:\/\/lycee-raynouard.fr\/index.php\/wp-json\/wp\/v2\/types\/post"}],"author":[{"embeddable":true,"href":"https:\/\/lycee-raynouard.fr\/index.php\/wp-json\/wp\/v2\/users\/4"}],"replies":[{"embeddable":true,"href":"https:\/\/lycee-raynouard.fr\/index.php\/wp-json\/wp\/v2\/comments?post=2409"}],"version-history":[{"count":1,"href":"https:\/\/lycee-raynouard.fr\/index.php\/wp-json\/wp\/v2\/posts\/2409\/revisions"}],"predecessor-version":[{"id":2415,"href":"https:\/\/lycee-raynouard.fr\/index.php\/wp-json\/wp\/v2\/posts\/2409\/revisions\/2415"}],"wp:attachment":[{"href":"https:\/\/lycee-raynouard.fr\/index.php\/wp-json\/wp\/v2\/media?parent=2409"}],"wp:term":[{"taxonomy":"category","embeddable":true,"href":"https:\/\/lycee-raynouard.fr\/index.php\/wp-json\/wp\/v2\/categories?post=2409"},{"taxonomy":"post_tag","embeddable":true,"href":"https:\/\/lycee-raynouard.fr\/index.php\/wp-json\/wp\/v2\/tags?post=2409"}],"curies":[{"name":"wp","href":"https:\/\/api.w.org\/{rel}","templated":true}]}}