{"id":5641,"date":"2026-03-13T14:27:06","date_gmt":"2026-03-13T13:27:06","guid":{"rendered":"https:\/\/lycee-raynouard.fr\/?p=5641"},"modified":"2026-03-13T14:30:36","modified_gmt":"2026-03-13T13:30:36","slug":"quinzaine-de-la-presse-2026","status":"publish","type":"post","link":"https:\/\/lycee-raynouard.fr\/index.php\/2026\/03\/13\/quinzaine-de-la-presse-2026\/","title":{"rendered":"Quinzaine de la Presse 2026"},"content":{"rendered":"\n<p class=\"has-text-align-center\"><\/p>\n\n\n\n<p>Du <strong>23 mars au 3 avril 2026<\/strong>, le CDI du lyc\u00e9e participe \u00e0 la Quinzaine de la presse, organis\u00e9e par les <strong>\u00e9tudiants de BTS 1\u00e8re ann\u00e9e GPME<\/strong>, accompagn\u00e9s de <strong>Madame Nadia DHAOUADI, Professeure d&rsquo;\u00c9conomie Gestion, et avec le soutien des professeures documentalistes<\/strong> Mme MONDON, Mme POULET et Mme POULAILLER. Ils ont con\u00e7u un projet p\u00e9dagogique autour d\u2019une question au c\u0153ur de l\u2019actualit\u00e9 :<\/p>\n\n\n\n<p class=\"has-text-align-center\"><strong><mark style=\"background-color:rgba(0, 0, 0, 0)\" class=\"has-inline-color has-vivid-cyan-blue-color\">\u00ab IA et r\u00e9seaux sociaux : progr\u00e8s ou danger pour les \u00e9l\u00e8ves et les PME ? \u00bb<\/mark><\/strong><\/p>\n\n\n\n<p>Les <strong>\u00e9tudiants animeront au CDI plusieurs ateliers interactifs<\/strong> \u00e0 destination des classes :<\/p>\n\n\n\n<ul class=\"wp-block-list\">\n<li>d\u00e9crypter un contenu viral<\/li>\n\n\n\n<li>tester ses connaissances avec un quizz sur l\u2019IA et les r\u00e9seaux sociaux<\/li>\n\n\n\n<li>co-construire une charte d\u2019utilisation de l\u2019IA<\/li>\n\n\n\n<li>d\u00e9velopper une culture num\u00e9rique et r\u00e9fl\u00e9chir \u00e0 l\u2019empreinte num\u00e9rique de l\u2019intelligence artificielle.<\/li>\n<\/ul>\n\n\n\n<p>Les visiteurs pourront \u00e9galement d\u00e9couvrir un kiosque de presse et une exposition r\u00e9alis\u00e9e par les \u00e9tudiants, mettant en lumi\u00e8re les avanc\u00e9es, les enjeux et les d\u00e9rives possibles de l\u2019IA et des r\u00e9seaux sociaux.<\/p>\n\n\n\n<p><strong>De la conception du projet \u00e0 la communication de l\u2019\u00e9v\u00e9nement <\/strong>(affiches, r\u00e9seaux sociaux, TV interne, radio du lyc\u00e9e), <strong>les \u00e9tudiants de BTS GPME 1 sont pleinement acteurs avec Madame Nadia DHAOUADI de cette initiative qui valorise leurs comp\u00e9tences en communication, gestion de projet et analyse de l\u2019information.<\/strong><\/p>\n\n\n\n<p>Un bel exemple d\u2019engagement des \u00e9tudiants dans l\u2019\u00e9ducation aux m\u00e9dias et \u00e0 l\u2019information !<\/p>\n\n\n\n<figure class=\"wp-block-image size-large is-style-default\"><img loading=\"lazy\" decoding=\"async\" width=\"722\" height=\"1024\" src=\"https:\/\/lycee-raynouard.fr\/wp-content\/uploads\/2026\/03\/Affiche-4-def-722x1024.jpg\" alt=\"\" class=\"wp-image-5647\" srcset=\"https:\/\/lycee-raynouard.fr\/wp-content\/uploads\/2026\/03\/Affiche-4-def-722x1024.jpg 722w, https:\/\/lycee-raynouard.fr\/wp-content\/uploads\/2026\/03\/Affiche-4-def-211x300.jpg 211w, https:\/\/lycee-raynouard.fr\/wp-content\/uploads\/2026\/03\/Affiche-4-def-768x1090.jpg 768w, https:\/\/lycee-raynouard.fr\/wp-content\/uploads\/2026\/03\/Affiche-4-def-1083x1536.jpg 1083w, https:\/\/lycee-raynouard.fr\/wp-content\/uploads\/2026\/03\/Affiche-4-def-1444x2048.jpg 1444w, https:\/\/lycee-raynouard.fr\/wp-content\/uploads\/2026\/03\/Affiche-4-def-786x1115.jpg 786w, https:\/\/lycee-raynouard.fr\/wp-content\/uploads\/2026\/03\/Affiche-4-def-1320x1873.jpg 1320w, https:\/\/lycee-raynouard.fr\/wp-content\/uploads\/2026\/03\/Affiche-4-def-scaled.jpg 1804w\" sizes=\"auto, (max-width: 722px) 100vw, 722px\" \/><\/figure>\n","protected":false},"excerpt":{"rendered":"<p>Du 23 mars au 3 avril 2026, le CDI du lyc\u00e9e participe \u00e0 la Quinzaine de la presse, organis\u00e9e par les \u00e9tudiants de BTS 1\u00e8re ann\u00e9e GPME, accompagn\u00e9s de Madame Nadia DHAOUADI, Professeure d&rsquo;\u00c9conomie Gestion, et avec le soutien des professeures documentalistes Mme MONDON, Mme POULET et Mme POULAILLER. Ils ont con\u00e7u un projet p\u00e9dagogique &hellip; <\/p>\n<p><a class=\"more-link btn\" href=\"https:\/\/lycee-raynouard.fr\/index.php\/2026\/03\/13\/quinzaine-de-la-presse-2026\/\">Lire la suite<\/a><\/p>\n","protected":false},"author":22,"featured_media":5642,"comment_status":"closed","ping_status":"open","sticky":false,"template":"","format":"standard","meta":{"_uag_custom_page_level_css":"","advgb_blocks_editor_width":"","advgb_blocks_columns_visual_guide":"","ngg_post_thumbnail":0,"footnotes":""},"categories":[21,22,8,26,7,52,19,69],"tags":[],"class_list":["post-5641","post","type-post","status-publish","format-standard","has-post-thumbnail","hentry","category-actualites","category-gpme","category-presse","category-le-cdi","category-le-lycee-raynouard","category-les-bts","category-pour-les-eleves","category-raydio","nodate","item-wrap"],"yoast_head":"<!-- This site is optimized with the Yoast SEO plugin v25.8 - https:\/\/yoast.com\/wordpress\/plugins\/seo\/ -->\n<title>Quinzaine de la Presse 2026 - Lyc\u00e9e Polyvalent Raynouard<\/title>\n<meta name=\"robots\" content=\"index, follow, max-snippet:-1, max-image-preview:large, max-video-preview:-1\" \/>\n<link rel=\"canonical\" href=\"https:\/\/lycee-raynouard.fr\/index.php\/2026\/03\/13\/quinzaine-de-la-presse-2026\/\" \/>\n<meta property=\"og:locale\" content=\"fr_FR\" \/>\n<meta property=\"og:type\" content=\"article\" \/>\n<meta property=\"og:title\" content=\"Quinzaine de la Presse 2026 - Lyc\u00e9e Polyvalent Raynouard\" \/>\n<meta property=\"og:description\" content=\"Du 23 mars au 3 avril 2026, le CDI du lyc\u00e9e participe \u00e0 la Quinzaine de la presse, organis\u00e9e par les \u00e9tudiants de BTS 1\u00e8re ann\u00e9e GPME, accompagn\u00e9s de Madame Nadia DHAOUADI, Professeure d&rsquo;\u00c9conomie Gestion, et avec le soutien des professeures documentalistes Mme MONDON, Mme POULET et Mme POULAILLER. Ils ont con\u00e7u un projet p\u00e9dagogique &hellip; Lire la suite\" \/>\n<meta property=\"og:url\" content=\"https:\/\/lycee-raynouard.fr\/index.php\/2026\/03\/13\/quinzaine-de-la-presse-2026\/\" \/>\n<meta property=\"og:site_name\" content=\"Lyc\u00e9e Polyvalent Raynouard\" \/>\n<meta property=\"article:published_time\" content=\"2026-03-13T13:27:06+00:00\" \/>\n<meta property=\"article:modified_time\" content=\"2026-03-13T13:30:36+00:00\" \/>\n<meta name=\"author\" content=\"marion poulailler\" \/>\n<meta name=\"twitter:card\" content=\"summary_large_image\" \/>\n<meta name=\"twitter:label1\" content=\"\u00c9crit par\" \/>\n\t<meta name=\"twitter:data1\" content=\"marion poulailler\" \/>\n\t<meta name=\"twitter:label2\" content=\"Dur\u00e9e de lecture estim\u00e9e\" \/>\n\t<meta name=\"twitter:data2\" content=\"2 minutes\" \/>\n<script type=\"application\/ld+json\" class=\"yoast-schema-graph\">{\"@context\":\"https:\/\/schema.org\",\"@graph\":[{\"@type\":\"WebPage\",\"@id\":\"https:\/\/lycee-raynouard.fr\/index.php\/2026\/03\/13\/quinzaine-de-la-presse-2026\/\",\"url\":\"https:\/\/lycee-raynouard.fr\/index.php\/2026\/03\/13\/quinzaine-de-la-presse-2026\/\",\"name\":\"Quinzaine de la Presse 2026 - Lyc\u00e9e Polyvalent Raynouard\",\"isPartOf\":{\"@id\":\"https:\/\/lycee-raynouard.fr\/#website\"},\"primaryImageOfPage\":{\"@id\":\"https:\/\/lycee-raynouard.fr\/index.php\/2026\/03\/13\/quinzaine-de-la-presse-2026\/#primaryimage\"},\"image\":{\"@id\":\"https:\/\/lycee-raynouard.fr\/index.php\/2026\/03\/13\/quinzaine-de-la-presse-2026\/#primaryimage\"},\"thumbnailUrl\":\"https:\/\/lycee-raynouard.fr\/wp-content\/uploads\/2026\/03\/Affiche-4-2-1-pdf.jpg\",\"datePublished\":\"2026-03-13T13:27:06+00:00\",\"dateModified\":\"2026-03-13T13:30:36+00:00\",\"author\":{\"@id\":\"https:\/\/lycee-raynouard.fr\/#\/schema\/person\/905baf646893db1c90b83b814095bde7\"},\"breadcrumb\":{\"@id\":\"https:\/\/lycee-raynouard.fr\/index.php\/2026\/03\/13\/quinzaine-de-la-presse-2026\/#breadcrumb\"},\"inLanguage\":\"fr-FR\",\"potentialAction\":[{\"@type\":\"ReadAction\",\"target\":[\"https:\/\/lycee-raynouard.fr\/index.php\/2026\/03\/13\/quinzaine-de-la-presse-2026\/\"]}]},{\"@type\":\"ImageObject\",\"inLanguage\":\"fr-FR\",\"@id\":\"https:\/\/lycee-raynouard.fr\/index.php\/2026\/03\/13\/quinzaine-de-la-presse-2026\/#primaryimage\",\"url\":\"https:\/\/lycee-raynouard.fr\/wp-content\/uploads\/2026\/03\/Affiche-4-2-1-pdf.jpg\",\"contentUrl\":\"https:\/\/lycee-raynouard.fr\/wp-content\/uploads\/2026\/03\/Affiche-4-2-1-pdf.jpg\"},{\"@type\":\"BreadcrumbList\",\"@id\":\"https:\/\/lycee-raynouard.fr\/index.php\/2026\/03\/13\/quinzaine-de-la-presse-2026\/#breadcrumb\",\"itemListElement\":[{\"@type\":\"ListItem\",\"position\":1,\"name\":\"Accueil\",\"item\":\"https:\/\/lycee-raynouard.fr\/\"},{\"@type\":\"ListItem\",\"position\":2,\"name\":\"Quinzaine de la Presse 2026\"}]},{\"@type\":\"WebSite\",\"@id\":\"https:\/\/lycee-raynouard.fr\/#website\",\"url\":\"https:\/\/lycee-raynouard.fr\/\",\"name\":\"Lyc\u00e9e Polyvalent Raynouard\",\"description\":\"Brignoles\",\"potentialAction\":[{\"@type\":\"SearchAction\",\"target\":{\"@type\":\"EntryPoint\",\"urlTemplate\":\"https:\/\/lycee-raynouard.fr\/?s={search_term_string}\"},\"query-input\":{\"@type\":\"PropertyValueSpecification\",\"valueRequired\":true,\"valueName\":\"search_term_string\"}}],\"inLanguage\":\"fr-FR\"},{\"@type\":\"Person\",\"@id\":\"https:\/\/lycee-raynouard.fr\/#\/schema\/person\/905baf646893db1c90b83b814095bde7\",\"name\":\"marion poulailler\",\"url\":\"https:\/\/lycee-raynouard.fr\/index.php\/author\/mpoulailler\/\"}]}<\/script>\n<!-- \/ Yoast SEO plugin. -->","yoast_head_json":{"title":"Quinzaine de la Presse 2026 - Lyc\u00e9e Polyvalent Raynouard","robots":{"index":"index","follow":"follow","max-snippet":"max-snippet:-1","max-image-preview":"max-image-preview:large","max-video-preview":"max-video-preview:-1"},"canonical":"https:\/\/lycee-raynouard.fr\/index.php\/2026\/03\/13\/quinzaine-de-la-presse-2026\/","og_locale":"fr_FR","og_type":"article","og_title":"Quinzaine de la Presse 2026 - Lyc\u00e9e Polyvalent Raynouard","og_description":"Du 23 mars au 3 avril 2026, le CDI du lyc\u00e9e participe \u00e0 la Quinzaine de la presse, organis\u00e9e par les \u00e9tudiants de BTS 1\u00e8re ann\u00e9e GPME, accompagn\u00e9s de Madame Nadia DHAOUADI, Professeure d&rsquo;\u00c9conomie Gestion, et avec le soutien des professeures documentalistes Mme MONDON, Mme POULET et Mme POULAILLER. Ils ont con\u00e7u un projet p\u00e9dagogique &hellip; Lire la suite","og_url":"https:\/\/lycee-raynouard.fr\/index.php\/2026\/03\/13\/quinzaine-de-la-presse-2026\/","og_site_name":"Lyc\u00e9e Polyvalent Raynouard","article_published_time":"2026-03-13T13:27:06+00:00","article_modified_time":"2026-03-13T13:30:36+00:00","author":"marion poulailler","twitter_card":"summary_large_image","twitter_misc":{"\u00c9crit par":"marion poulailler","Dur\u00e9e de lecture estim\u00e9e":"2 minutes"},"schema":{"@context":"https:\/\/schema.org","@graph":[{"@type":"WebPage","@id":"https:\/\/lycee-raynouard.fr\/index.php\/2026\/03\/13\/quinzaine-de-la-presse-2026\/","url":"https:\/\/lycee-raynouard.fr\/index.php\/2026\/03\/13\/quinzaine-de-la-presse-2026\/","name":"Quinzaine de la Presse 2026 - Lyc\u00e9e Polyvalent Raynouard","isPartOf":{"@id":"https:\/\/lycee-raynouard.fr\/#website"},"primaryImageOfPage":{"@id":"https:\/\/lycee-raynouard.fr\/index.php\/2026\/03\/13\/quinzaine-de-la-presse-2026\/#primaryimage"},"image":{"@id":"https:\/\/lycee-raynouard.fr\/index.php\/2026\/03\/13\/quinzaine-de-la-presse-2026\/#primaryimage"},"thumbnailUrl":"https:\/\/lycee-raynouard.fr\/wp-content\/uploads\/2026\/03\/Affiche-4-2-1-pdf.jpg","datePublished":"2026-03-13T13:27:06+00:00","dateModified":"2026-03-13T13:30:36+00:00","author":{"@id":"https:\/\/lycee-raynouard.fr\/#\/schema\/person\/905baf646893db1c90b83b814095bde7"},"breadcrumb":{"@id":"https:\/\/lycee-raynouard.fr\/index.php\/2026\/03\/13\/quinzaine-de-la-presse-2026\/#breadcrumb"},"inLanguage":"fr-FR","potentialAction":[{"@type":"ReadAction","target":["https:\/\/lycee-raynouard.fr\/index.php\/2026\/03\/13\/quinzaine-de-la-presse-2026\/"]}]},{"@type":"ImageObject","inLanguage":"fr-FR","@id":"https:\/\/lycee-raynouard.fr\/index.php\/2026\/03\/13\/quinzaine-de-la-presse-2026\/#primaryimage","url":"https:\/\/lycee-raynouard.fr\/wp-content\/uploads\/2026\/03\/Affiche-4-2-1-pdf.jpg","contentUrl":"https:\/\/lycee-raynouard.fr\/wp-content\/uploads\/2026\/03\/Affiche-4-2-1-pdf.jpg"},{"@type":"BreadcrumbList","@id":"https:\/\/lycee-raynouard.fr\/index.php\/2026\/03\/13\/quinzaine-de-la-presse-2026\/#breadcrumb","itemListElement":[{"@type":"ListItem","position":1,"name":"Accueil","item":"https:\/\/lycee-raynouard.fr\/"},{"@type":"ListItem","position":2,"name":"Quinzaine de la Presse 2026"}]},{"@type":"WebSite","@id":"https:\/\/lycee-raynouard.fr\/#website","url":"https:\/\/lycee-raynouard.fr\/","name":"Lyc\u00e9e Polyvalent Raynouard","description":"Brignoles","potentialAction":[{"@type":"SearchAction","target":{"@type":"EntryPoint","urlTemplate":"https:\/\/lycee-raynouard.fr\/?s={search_term_string}"},"query-input":{"@type":"PropertyValueSpecification","valueRequired":true,"valueName":"search_term_string"}}],"inLanguage":"fr-FR"},{"@type":"Person","@id":"https:\/\/lycee-raynouard.fr\/#\/schema\/person\/905baf646893db1c90b83b814095bde7","name":"marion poulailler","url":"https:\/\/lycee-raynouard.fr\/index.php\/author\/mpoulailler\/"}]}},"author_meta":{"display_name":"marion poulailler","author_link":"https:\/\/lycee-raynouard.fr\/index.php\/author\/mpoulailler\/"},"featured_img":"https:\/\/lycee-raynouard.fr\/wp-content\/uploads\/2026\/03\/Affiche-4-2-1-pdf-212x300.jpg","uagb_featured_image_src":{"full":["https:\/\/lycee-raynouard.fr\/wp-content\/uploads\/2026\/03\/Affiche-4-2-1-pdf.jpg",1059,1497,true],"thumbnail":["https:\/\/lycee-raynouard.fr\/wp-content\/uploads\/2026\/03\/Affiche-4-2-1-pdf-106x150.jpg",106,150,true],"medium":["https:\/\/lycee-raynouard.fr\/wp-content\/uploads\/2026\/03\/Affiche-4-2-1-pdf-212x300.jpg",212,300,true],"medium_large":["https:\/\/lycee-raynouard.fr\/wp-content\/uploads\/2026\/03\/Affiche-4-2-1-pdf.jpg",768,1086,false],"large":["https:\/\/lycee-raynouard.fr\/wp-content\/uploads\/2026\/03\/Affiche-4-2-1-pdf-724x1024.jpg",724,1024,true],"1536x1536":["https:\/\/lycee-raynouard.fr\/wp-content\/uploads\/2026\/03\/Affiche-4-2-1-pdf.jpg",1059,1497,false],"2048x2048":["https:\/\/lycee-raynouard.fr\/wp-content\/uploads\/2026\/03\/Affiche-4-2-1-pdf.jpg",1059,1497,false],"graphene_slider":["https:\/\/lycee-raynouard.fr\/wp-content\/uploads\/2026\/03\/Affiche-4-2-1-pdf.jpg",177,250,false],"graphene_featured_image":["https:\/\/lycee-raynouard.fr\/wp-content\/uploads\/2026\/03\/Affiche-4-2-1-pdf.jpg",786,1111,false],"post-thumbnail":["https:\/\/lycee-raynouard.fr\/wp-content\/uploads\/2026\/03\/Affiche-4-2-1-pdf.jpg",177,250,false],"mailpoet_newsletter_max":["https:\/\/lycee-raynouard.fr\/wp-content\/uploads\/2026\/03\/Affiche-4-2-1-pdf.jpg",1059,1497,false]},"uagb_author_info":{"display_name":"marion poulailler","author_link":"https:\/\/lycee-raynouard.fr\/index.php\/author\/mpoulailler\/"},"uagb_comment_info":0,"uagb_excerpt":"Du 23 mars au 3 avril 2026, le CDI du lyc\u00e9e participe \u00e0 la Quinzaine de la presse, organis\u00e9e par les \u00e9tudiants de BTS 1\u00e8re ann\u00e9e GPME, accompagn\u00e9s de Madame Nadia DHAOUADI, Professeure d&rsquo;\u00c9conomie Gestion, et avec le soutien des professeures documentalistes Mme MONDON, Mme POULET et Mme POULAILLER. Ils ont con\u00e7u un projet p\u00e9dagogique\u2026","coauthors":[],"tax_additional":{"categories":{"linked":["<a href=\"https:\/\/lycee-raynouard.fr\/index.php\/category\/actualites\/\" class=\"advgb-post-tax-term\">Actualit\u00e9s<\/a>","<a href=\"https:\/\/lycee-raynouard.fr\/index.php\/category\/les-bts\/gpme\/\" class=\"advgb-post-tax-term\">BTS GPME<\/a>","<a href=\"https:\/\/lycee-raynouard.fr\/index.php\/category\/presse\/\" class=\"advgb-post-tax-term\">Dans la presse<\/a>","<a href=\"https:\/\/lycee-raynouard.fr\/index.php\/category\/le-cdi\/\" class=\"advgb-post-tax-term\">Le CDI<\/a>","<a href=\"https:\/\/lycee-raynouard.fr\/index.php\/category\/le-lycee-raynouard\/\" class=\"advgb-post-tax-term\">le lyc\u00e9e Raynouard<\/a>","<a href=\"https:\/\/lycee-raynouard.fr\/index.php\/category\/les-bts\/\" class=\"advgb-post-tax-term\">Les BTS<\/a>","<a href=\"https:\/\/lycee-raynouard.fr\/index.php\/category\/pour-les-eleves\/\" class=\"advgb-post-tax-term\">Pour les \u00e9l\u00e8ves<\/a>","<a href=\"https:\/\/lycee-raynouard.fr\/index.php\/category\/la-vie-du-lycee\/raydio\/\" class=\"advgb-post-tax-term\">Raydio<\/a>"],"unlinked":["<span class=\"advgb-post-tax-term\">Actualit\u00e9s<\/span>","<span class=\"advgb-post-tax-term\">BTS GPME<\/span>","<span class=\"advgb-post-tax-term\">Dans la presse<\/span>","<span class=\"advgb-post-tax-term\">Le CDI<\/span>","<span class=\"advgb-post-tax-term\">le lyc\u00e9e Raynouard<\/span>","<span class=\"advgb-post-tax-term\">Les BTS<\/span>","<span class=\"advgb-post-tax-term\">Pour les \u00e9l\u00e8ves<\/span>","<span class=\"advgb-post-tax-term\">Raydio<\/span>"]}},"comment_count":"0","relative_dates":{"created":"Publi\u00e9 2 mois il y a","modified":"Mis \u00e0 jour 2 mois il y a"},"absolute_dates":{"created":"Publi\u00e9 le 13 mars 2026","modified":"Mise \u00e0 jour le 13 mars 2026"},"absolute_dates_time":{"created":"Publi\u00e9 le 13 mars 2026 14 h 27 min","modified":"Mise \u00e0 jour le 13 mars 2026 14 h 30 min"},"featured_img_caption":"","series_order":"","_links":{"self":[{"href":"https:\/\/lycee-raynouard.fr\/index.php\/wp-json\/wp\/v2\/posts\/5641","targetHints":{"allow":["GET"]}}],"collection":[{"href":"https:\/\/lycee-raynouard.fr\/index.php\/wp-json\/wp\/v2\/posts"}],"about":[{"href":"https:\/\/lycee-raynouard.fr\/index.php\/wp-json\/wp\/v2\/types\/post"}],"author":[{"embeddable":true,"href":"https:\/\/lycee-raynouard.fr\/index.php\/wp-json\/wp\/v2\/users\/22"}],"replies":[{"embeddable":true,"href":"https:\/\/lycee-raynouard.fr\/index.php\/wp-json\/wp\/v2\/comments?post=5641"}],"version-history":[{"count":4,"href":"https:\/\/lycee-raynouard.fr\/index.php\/wp-json\/wp\/v2\/posts\/5641\/revisions"}],"predecessor-version":[{"id":5648,"href":"https:\/\/lycee-raynouard.fr\/index.php\/wp-json\/wp\/v2\/posts\/5641\/revisions\/5648"}],"wp:featuredmedia":[{"embeddable":true,"href":"https:\/\/lycee-raynouard.fr\/index.php\/wp-json\/wp\/v2\/media\/5642"}],"wp:attachment":[{"href":"https:\/\/lycee-raynouard.fr\/index.php\/wp-json\/wp\/v2\/media?parent=5641"}],"wp:term":[{"taxonomy":"category","embeddable":true,"href":"https:\/\/lycee-raynouard.fr\/index.php\/wp-json\/wp\/v2\/categories?post=5641"},{"taxonomy":"post_tag","embeddable":true,"href":"https:\/\/lycee-raynouard.fr\/index.php\/wp-json\/wp\/v2\/tags?post=5641"}],"curies":[{"name":"wp","href":"https:\/\/api.w.org\/{rel}","templated":true}]}}